{"id":4968,"date":"2022-02-03T21:40:27","date_gmt":"2022-02-04T00:40:27","guid":{"rendered":"http:\/\/folhadopirajucara.com.br\/?p=4968"},"modified":"2022-02-05T21:41:55","modified_gmt":"2022-02-06T00:41:55","slug":"itapecerica-da-serra-e-contemplada-com-programa-estadual-que-combate-a-vulnerabilidade-alimentar","status":"publish","type":"post","link":"https:\/\/folhadopirajucara.com.br\/index.php\/2022\/02\/03\/itapecerica-da-serra-e-contemplada-com-programa-estadual-que-combate-a-vulnerabilidade-alimentar\/","title":{"rendered":"Itapecerica da Serra \u00e9 contemplada com programa estadual que combate a vulnerabilidade alimentar"},"content":{"rendered":"<p>A cidade de Itapecerica da Serra passar\u00e1 a fazer parte do projeto Cesta Verde, que tem como objetivo incentivar e fortalecer a agricultura familiar atrav\u00e9s do PAA &#8211; Programa de Aquisi\u00e7\u00e3o de Alimentos, com doa\u00e7\u00f5es simult\u00e2neas aos Bancos de Alimentos para fam\u00edlias que se encontram em situa\u00e7\u00e3o de vulnerabilidade alimentar.<\/p>\n<p>A Prefeitura de Itapecerica da Serra assinou o conv\u00eanio no \u00faltimo dia 1\u00ba de fevereiro com a Secretaria Estadual de Agricultura e Abastecimento de S\u00e3o Paulo. A a\u00e7\u00e3o ocorrer\u00e1 em uma parceria com a Secretaria do Desenvolvimento Social e Rela\u00e7\u00f5es do Trabalho de Itapecerica da Serra, atrav\u00e9s do Banco de Alimentos da cidade.<\/p>\n<p>Segundo a Secretaria do Desenvolvimento Social e Rela\u00e7\u00f5es do Trabalho, Itapecerica da Serra foi um dos 41 munic\u00edpios contemplados no Estado neste ato.<\/p>\n<p>\u201cEst\u00e1 \u00e9 uma grande conquista para o munic\u00edpio. Mais uma vez o Banco de Alimentos vem ajudando as fam\u00edlias, e agora, atrav\u00e9s do Programa poderemos ajudar muito mais&#8221;, informou a Secretaria.<\/p>\n<p>&nbsp;<\/p>\n<p><strong>Projeto Cesta Verde<\/strong><\/p>\n<p><strong>\u00a0<\/strong><\/p>\n<p>O Projeto Cesta Verde \u00e9 resultado de um termo de ades\u00e3o assinado pelo Governo do Estado de S\u00e3o Paulo, em parceria com o Minist\u00e9rio da Cidadania e prev\u00ea o repasse, diretamente aos produtores cadastrados.<\/p>\n<p>Desta forma, ser\u00e3o montadas e distribu\u00eddas cestas (Cestas Verdes) compostas por frutas, verduras, legumes e tub\u00e9rculos produzidos por pequenos agricultores.<\/p>\n<p>Esse projeto traz aos pequenos produtores um instrumento de apoio para acesso ao mercado, que neste momento est\u00e1 retra\u00eddo por conta da pandemia. Por outro lado, auxilia as fam\u00edlias que se encontram em situa\u00e7\u00e3o de vulnerabilidade alimentar e ter\u00e3o acesso a um kit balanceado de alimentos do pequeno produtor. Garantindo, desta forma, benef\u00edcios \u00e0s duas pontas.<\/p>\n<p>&nbsp;<\/p>\n<p>*fonte: PMIS<\/p>\n","protected":false},"excerpt":{"rendered":"<p>A cidade de Itapecerica da Serra passar\u00e1 a fazer parte do projeto Cesta Verde, que tem como objetivo incentivar e<\/p>\n","protected":false},"author":3,"featured_media":4969,"comment_status":"open","ping_status":"open","sticky":false,"template":"","format":"standard","meta":{"footnotes":""},"categories":[1,16,4],"tags":[],"class_list":["post-4968","post","type-post","status-publish","format-standard","has-post-thumbnail","hentry","category-destaque","category-itapecerica-da-serra","category-noticias"],"_links":{"self":[{"href":"https:\/\/folhadopirajucara.com.br\/index.php\/wp-json\/wp\/v2\/posts\/4968"}],"collection":[{"href":"https:\/\/folhadopirajucara.com.br\/index.php\/wp-json\/wp\/v2\/posts"}],"about":[{"href":"https:\/\/folhadopirajucara.com.br\/index.php\/wp-json\/wp\/v2\/types\/post"}],"author":[{"embeddable":true,"href":"https:\/\/folhadopirajucara.com.br\/index.php\/wp-json\/wp\/v2\/users\/3"}],"replies":[{"embeddable":true,"href":"https:\/\/folhadopirajucara.com.br\/index.php\/wp-json\/wp\/v2\/comments?post=4968"}],"version-history":[{"count":1,"href":"https:\/\/folhadopirajucara.com.br\/index.php\/wp-json\/wp\/v2\/posts\/4968\/revisions"}],"predecessor-version":[{"id":4970,"href":"https:\/\/folhadopirajucara.com.br\/index.php\/wp-json\/wp\/v2\/posts\/4968\/revisions\/4970"}],"wp:featuredmedia":[{"embeddable":true,"href":"https:\/\/folhadopirajucara.com.br\/index.php\/wp-json\/wp\/v2\/media\/4969"}],"wp:attachment":[{"href":"https:\/\/folhadopirajucara.com.br\/index.php\/wp-json\/wp\/v2\/media?parent=4968"}],"wp:term":[{"taxonomy":"category","embeddable":true,"href":"https:\/\/folhadopirajucara.com.br\/index.php\/wp-json\/wp\/v2\/categories?post=4968"},{"taxonomy":"post_tag","embeddable":true,"href":"https:\/\/folhadopirajucara.com.br\/index.php\/wp-json\/wp\/v2\/tags?post=4968"}],"curies":[{"name":"wp","href":"https:\/\/api.w.org\/{rel}","templated":true}]}}