{"id":4985,"date":"2022-02-15T19:19:42","date_gmt":"2022-02-15T22:19:42","guid":{"rendered":"http:\/\/folhadopirajucara.com.br\/?p=4985"},"modified":"2022-02-15T19:19:42","modified_gmt":"2022-02-15T22:19:42","slug":"em-parceria-com-o-sebrae-curso-organize-seu-negocio-capacitou-empreendedores-de-taboao-da-serra","status":"publish","type":"post","link":"https:\/\/folhadopirajucara.com.br\/index.php\/2022\/02\/15\/em-parceria-com-o-sebrae-curso-organize-seu-negocio-capacitou-empreendedores-de-taboao-da-serra\/","title":{"rendered":"Em parceria com o Sebrae, curso &#8220;Organize seu Neg\u00f3cio&#8221; capacitou empreendedores de Tabo\u00e3o da Serra"},"content":{"rendered":"<blockquote>\n<p style=\"text-align: center;\"><strong><em>Atividade ocorreu durante quatro dias na sede da Secretaria de Desenvolvimento Econ\u00f4mico<\/em><\/strong><\/p>\n<\/blockquote>\n<p>&nbsp;<\/p>\n<p>Atrav\u00e9s da Secretaria de Desenvolvimento Econ\u00f4mico, Trabalho e Renda (SDE) de Tabo\u00e3o da Serra, em parceria com o Sebrae (Servi\u00e7o Brasileiro de Apoio \u00e0s Micro e Pequenas Empresas), foi realizado mais um curso gratuito para mun\u00edcipes: o &#8220;Organize seu neg\u00f3cio&#8221;.<\/p>\n<p>A atividade foi realizada durante os dias 7, 8, 9 e 10 de fevereiro na sede da SDE, no Jardim Maria Rosa e teve 102 inscri\u00e7\u00f5es. O curso &#8220;Organize seu neg\u00f3cio&#8221; \u00e9 o segundo que a SDE fornece aos mun\u00edcipes desde o come\u00e7o do ano, o primeiro foi o &#8220;Descomplique: Sua ideia de neg\u00f3cio&#8221;, realizado em janeiro.<\/p>\n<p>Desde quando o atual secret\u00e1rio, Wanderley Bressan, assumiu a pasta no final de dezembro de 2021, a Secretaria est\u00e1 atuando diretamente em contato com microempreendedores e com quem deseja come\u00e7ar a empreender para uma nova aproxima\u00e7\u00e3o, com ofertas de\u00a0 trilha de capacita\u00e7\u00e3o para empreendedores e potenciais empreendedores.<\/p>\n<p>O secret\u00e1rio Wanderley\u00a0 Bressan falou sobre a parceria com o Sebrae. &#8220;Sempre que falamos de empreendedor, lembramos do Sebrae, um local que prepara a popula\u00e7\u00e3o para fazer sua disputa pelo neg\u00f3cio. Eles t\u00eam sido grandes parceiros e agora estamos juntos oferecendo cursos para os microempreendedores e potencias empreendedores que desejam iniciar seu neg\u00f3cio ou melhorar a gest\u00e3o da sua empresa tornando seu neg\u00f3cio competitivo&#8221;, concluiu.<\/p>\n<p>Assim como o curso &#8220;Descomplique&#8221;, o &#8220;Organize seu neg\u00f3cio&#8221; foi ministrado por profissionais do Sebrae. Os alunos tiveram a oportunidade de estudar conte\u00fados direcionados \u00e0s \u00e1reas: Empreendedor de Sucesso; Forma\u00e7\u00e3o de pre\u00e7o; Fluxo de caixa, Precifica\u00e7\u00e3o; Marketing digital; Acesso ao cr\u00e9dito entre outros. O objetivo das trilhas de forma\u00e7\u00e3o \u00e9 capacitar potencias empreendedores a enxergar como empres\u00e1rios e aos j\u00e1 formalizados, organizar seu neg\u00f3cio da melhor forma e assim alavancar o crescimento da sua empresa.<\/p>\n<p>&nbsp;<\/p>\n<p><strong>Sebrae Aqui<\/strong><\/p>\n<p>&nbsp;<\/p>\n<p>Dentro da Secretaria de Desenvolvimento Econ\u00f4mico, existe um posto de atendimento do Sebrae Aqui. \u00c9 um local destinado aos empreendedores que desejam orienta\u00e7\u00f5es sobre abertura e melhoria de empresas (MEI, ME e EPP) e servi\u00e7os do MEI como: Formaliza\u00e7\u00e3o; Declara\u00e7\u00e3o Anual; Parcelamento da d\u00edvida, entre outros servi\u00e7os.<\/p>\n<p>Quem tiver interesse pode se dirigir at\u00e9 a sede da SDE, localizada na Rua Ces\u00e1rio Dau, 535, no Jardim Maria Rosa. Os atendimentos s\u00e3o de segunda a sexta, das 8h \u00e0s 17h.<\/p>\n<p>Para saber mais sobre os pr\u00f3ximos cursos siga a p\u00e1gina da Prefeitura de Tabo\u00e3o da Serra no facebook e instagram @prefeituradetaboao.<\/p>\n<p>&nbsp;<\/p>\n<p style=\"text-align: center;\"><strong>Servi\u00e7o<\/strong><\/p>\n<p>Sebrae Aqui<\/p>\n<p>Rua Ces\u00e1rio Dau, 535, Jardim Maria Rosa<\/p>\n<p>Atendimento de segunda a Sexta das 8h \u00e0s 17h<\/p>\n<p>Telefone: 4788-7888<\/p>\n<p><strong>Whatsapp: (11) 95336-9278<\/strong><\/p>\n","protected":false},"excerpt":{"rendered":"<p>Atividade ocorreu durante quatro dias na sede da Secretaria de Desenvolvimento Econ\u00f4mico &nbsp; Atrav\u00e9s da Secretaria de Desenvolvimento Econ\u00f4mico, Trabalho<\/p>\n","protected":false},"author":3,"featured_media":4986,"comment_status":"open","ping_status":"open","sticky":false,"template":"","format":"standard","meta":{"footnotes":""},"categories":[1,4,10],"tags":[],"class_list":["post-4985","post","type-post","status-publish","format-standard","has-post-thumbnail","hentry","category-destaque","category-noticias","category-taboao-da-serra"],"_links":{"self":[{"href":"https:\/\/folhadopirajucara.com.br\/index.php\/wp-json\/wp\/v2\/posts\/4985"}],"collection":[{"href":"https:\/\/folhadopirajucara.com.br\/index.php\/wp-json\/wp\/v2\/posts"}],"about":[{"href":"https:\/\/folhadopirajucara.com.br\/index.php\/wp-json\/wp\/v2\/types\/post"}],"author":[{"embeddable":true,"href":"https:\/\/folhadopirajucara.com.br\/index.php\/wp-json\/wp\/v2\/users\/3"}],"replies":[{"embeddable":true,"href":"https:\/\/folhadopirajucara.com.br\/index.php\/wp-json\/wp\/v2\/comments?post=4985"}],"version-history":[{"count":1,"href":"https:\/\/folhadopirajucara.com.br\/index.php\/wp-json\/wp\/v2\/posts\/4985\/revisions"}],"predecessor-version":[{"id":4987,"href":"https:\/\/folhadopirajucara.com.br\/index.php\/wp-json\/wp\/v2\/posts\/4985\/revisions\/4987"}],"wp:featuredmedia":[{"embeddable":true,"href":"https:\/\/folhadopirajucara.com.br\/index.php\/wp-json\/wp\/v2\/media\/4986"}],"wp:attachment":[{"href":"https:\/\/folhadopirajucara.com.br\/index.php\/wp-json\/wp\/v2\/media?parent=4985"}],"wp:term":[{"taxonomy":"category","embeddable":true,"href":"https:\/\/folhadopirajucara.com.br\/index.php\/wp-json\/wp\/v2\/categories?post=4985"},{"taxonomy":"post_tag","embeddable":true,"href":"https:\/\/folhadopirajucara.com.br\/index.php\/wp-json\/wp\/v2\/tags?post=4985"}],"curies":[{"name":"wp","href":"https:\/\/api.w.org\/{rel}","templated":true}]}}