{"id":502,"date":"2018-08-25T21:02:59","date_gmt":"2018-08-25T23:02:59","guid":{"rendered":"http:\/\/folhadopirajucara.com.br\/?p=502"},"modified":"2018-08-25T21:02:59","modified_gmt":"2018-08-25T23:02:59","slug":"wanderley-bressan-faz-balanco-dos-100-dias-a-frente-da-secretaria-de-cultura","status":"publish","type":"post","link":"https:\/\/folhadopirajucara.com.br\/index.php\/2018\/08\/25\/wanderley-bressan-faz-balanco-dos-100-dias-a-frente-da-secretaria-de-cultura\/","title":{"rendered":"WANDERLEY BRESSAN FAZ BALAN\u00c7O DOS 100 DIAS \u00c0 FRENTE DA SECRETARIA DE CULTURA"},"content":{"rendered":"<p class=\"rtejustify\"><img loading=\"lazy\" decoding=\"async\" class=\"size-medium wp-image-503 aligncenter\" src=\"https:\/\/folhadopirajucara.com.br\/wp-content\/uploads\/2018\/08\/Foto-01-Wanderley-Bressan-faz-balan\u00e7o-dos-100-dias-de-sua-gest\u00e3o-como-secret\u00e1rio-de-Cultura-de-Tabo\u00e3o_976-300x200.jpg\" alt=\"\" width=\"300\" height=\"200\" srcset=\"https:\/\/folhadopirajucara.com.br\/wp-content\/uploads\/2018\/08\/Foto-01-Wanderley-Bressan-faz-balan\u00e7o-dos-100-dias-de-sua-gest\u00e3o-como-secret\u00e1rio-de-Cultura-de-Tabo\u00e3o_976-300x200.jpg 300w, https:\/\/folhadopirajucara.com.br\/wp-content\/uploads\/2018\/08\/Foto-01-Wanderley-Bressan-faz-balan\u00e7o-dos-100-dias-de-sua-gest\u00e3o-como-secret\u00e1rio-de-Cultura-de-Tabo\u00e3o_976-768x511.jpg 768w, https:\/\/folhadopirajucara.com.br\/wp-content\/uploads\/2018\/08\/Foto-01-Wanderley-Bressan-faz-balan\u00e7o-dos-100-dias-de-sua-gest\u00e3o-como-secret\u00e1rio-de-Cultura-de-Tabo\u00e3o_976.jpg 976w\" sizes=\"(max-width: 300px) 100vw, 300px\" \/>Nomeado para o cargo de secret\u00e1rio de Cultura e Turismo, no dia 14 de maio de 2018, Wanderley Bressan tem coordenado na pasta, ao longo destes primeiros 100 dias de sua gest\u00e3o, um trabalho de retomada de di\u00e1logo com os movimentos culturais, de transversalidade da pol\u00edtica de cultura, visando sempre \u00e0 democratiza\u00e7\u00e3o do acesso e inclus\u00e3o social.<\/p>\n<p class=\"rtejustify\">\nPromover o contato e o estreitamento das rela\u00e7\u00f5es entre Secretaria de Cultura e coletivos culturais tem sido uma constante. \u201cUm dos objetivos nossos \u00e9 se aproximar e dar visibilidade para as manifesta\u00e7\u00f5es culturais no munic\u00edpio. Para isso, temos nos reunido com os principais coletivos de cultura da cidade, como os de Hip Hop, teatro, artistas e cultura popular. Outro aspecto importante foi \u00e0 inser\u00e7\u00e3o de coletivos nas barracas do Quent\u00e3o do Tabo\u00e3o, o que traz riqueza cultural ao evento e, ao mesmo tempo, auxilia a viabilidade financeira destes grupos\u201d, contou o secret\u00e1rio, que afirmou tamb\u00e9m estar realizando um mapeamento completo dos coletivos da cidade.<\/p>\n<p class=\"rtejustify\">\nMedidas no sentido de ampliar o acesso aos servi\u00e7os de cultura foram tomadas. As oficinas oferecidas pela Secretaria de Cultura aconteciam em quatro espa\u00e7os: no CEMUR, CEPIM, Vale dos Pinheiros e Projeto Aparecendo. Atualmente, as oficinas da Escola Municipal de Bailado e da Cia Municipal de Teatro acontecem em dez locais: no CEMUR, CEPIM, Vale dos Pinheiros, Projeto Aparecendo, Espa\u00e7o Multicultural do CSU, CAPS 2, CECO, UBS Jd. Record, Arena Multiuso e no Cras Monte Alegre. H\u00e1 ainda uma previs\u00e3o de que j\u00e1 em setembro, os sete CRAS, o Servi\u00e7o de Medidas Socioeducativas, o Centro Pop e o Centro de Reabilita\u00e7\u00e3o Social do Jardim Vit\u00f3ria, tenham tamb\u00e9m as atividades da Cultura, numa parceria com a Secretaria de Assist\u00eancia Social.<\/p>\n<p class=\"rtejustify\">\n\u201cParcerias como esta com a Assist\u00eancia Social reiteram nosso compromisso em realizar iniciativas de forma intersecretarial. Outra parceria nesse sentido que est\u00e1 sendo muito positiva \u00e9 com a Secretaria de Sa\u00fade, em que oficinas de cultura s\u00e3o oferecidas para a rede de atendimento \u00e0 sa\u00fade mental\u201d, frisou Bressan. As iniciativas em conjunto n\u00e3o param por a\u00ed. Em parceria com a Secretaria de Esportes, 11 quadras da cidade oferecem aulas de Zumba. Com a Secretaria de Educa\u00e7\u00e3o, cerca de 100 pessoas s\u00e3o beneficiadas com aulas de dan\u00e7a realizadas no Cemur com os alunos do Centro de Integra\u00e7\u00e3o e Apoio ao Deficiente Visual (CIADEV) e da Escola Municipal de Educa\u00e7\u00e3o Bil\u00edngue para Surdos.<\/p>\n<p class=\"rtejustify\">\nEntre outros pontos de destaque nesses 100 dias est\u00e3o \u00e0 ocupa\u00e7\u00e3o da Arena Multiuso como um espa\u00e7o de realiza\u00e7\u00e3o de atividades culturais; renova\u00e7\u00e3o do conv\u00eanio com a Associa\u00e7\u00e3o M\u00fasicos do Futuro, que oferece ensino musical para centenas de taboanenses; contrata\u00e7\u00e3o de novos professores para as atividades culturais, investimentos na reforma do Cemur e da Biblioteca Municipal, por exemplo; prepara\u00e7\u00e3o para nova elei\u00e7\u00e3o do Conselho Municipal de Cultura, F\u00f3rum e Plano Municipal, al\u00e9m de uma reforma administrativa, visando dar maiores condi\u00e7\u00f5es para os gestores dos equipamentos.<\/p>\n<p class=\"rtejustify\">\nEntre os eventos realizados no per\u00edodo, est\u00e3o a Oficina Pr\u00eamio Culturas Populares, Samba de Bika, Festa Arraial da Cajec, Mostra de Artes Pl\u00e1sticas em parceria com a Faculdade Anhanguera, Fa\u00e7a Arte nas F\u00e9rias, Yoga no Parque das Hort\u00eansias, Projeto Dois Pra L\u00e1, Dois Pra C\u00e1, Dan\u00e7ando no Parque e muitos outros.<\/p>\n<p class=\"rtejustify\">\nO secret\u00e1rio de Cultura tem tamb\u00e9m empreendido visitas ao Minist\u00e9rio da Cultura e \u00e0 Secretaria estadual de cultura, com o objetivo de buscar para a cidade recursos federais e estaduais.<\/p>\n<p class=\"rtejustify\">\n<strong>Vem por a\u00ed<\/strong><br \/>\nA Secretaria de Cultura anunciou a realiza\u00e7\u00e3o da 1\u00ba Circuito de Arte e Cultura de Tabo\u00e3o da Serra, que acontecer\u00e1 a partir do dia 1 de setembro. Confira a programa\u00e7\u00e3o:<\/p>\n<p class=\"rtejustify\">1\u00aa Mostra de Dan\u00e7a Gospel \u2013 1\/9, \u00e0s 16h, no CEMUR<br \/>\nFeira Taboafro \u2013 8\/9, da 12h \u00e0s 18h no Parque das Hort\u00eansias;<br \/>\nSamba da Serra \u2013 9\/9, da 12h as 22h no CEMUR;<br \/>\nZumba Masterclass \u2013 12\/9, \u00e0s 20h na Arena Multiuso;<br \/>\nCia. Municipal de Teatro de Tabo\u00e3o da Serra \u2013 Apresenta\u00e7\u00f5es teatrais dos grupos formados no Projeto de Teatro da Secretaria de Cultura de Tabo\u00e3o da Serra \u2013 13\/9, \u00e0s 19h no CEMUR;<br \/>\nDivertissement \u2013 Apresenta\u00e7\u00e3o de Ballet \u2013 da Escola de Bailado de Tabo\u00e3o da Serra \u2013 14\/9, \u00e0s 19h30 no CEMUR;<br \/>\nDans la Dance \u2013 Dan\u00e7as em Oficinas &#8211; da Escola de Bailado de Tabo\u00e3o da Serra \u2013 15\/9, em 3 sess\u00f5es: \u00e0s 10h, \u00e0s 14h e \u00e0s 19h no CEMUR;<br \/>\nConcerto da Orquestra M\u00fasicos do Futuro \u2013 16\/9, \u00e0s 10h no CEMUR;<br \/>\nDans la Dance \u2013 Dan\u00e7as em Oficinas &#8211; da Escola de Bailado de Tabo\u00e3o da Serra \u2013 16\/9, \u00a0em 2 sess\u00f5es, \u00e0s 14h e as 19h no CEMUR.<\/p>\n","protected":false},"excerpt":{"rendered":"<p>Nomeado para o cargo de secret\u00e1rio de Cultura e Turismo, no dia 14 de maio de 2018, Wanderley Bressan tem<\/p>\n","protected":false},"author":3,"featured_media":503,"comment_status":"open","ping_status":"open","sticky":false,"template":"","format":"standard","meta":{"footnotes":""},"categories":[4,10],"tags":[],"class_list":["post-502","post","type-post","status-publish","format-standard","has-post-thumbnail","hentry","category-noticias","category-taboao-da-serra"],"_links":{"self":[{"href":"https:\/\/folhadopirajucara.com.br\/index.php\/wp-json\/wp\/v2\/posts\/502"}],"collection":[{"href":"https:\/\/folhadopirajucara.com.br\/index.php\/wp-json\/wp\/v2\/posts"}],"about":[{"href":"https:\/\/folhadopirajucara.com.br\/index.php\/wp-json\/wp\/v2\/types\/post"}],"author":[{"embeddable":true,"href":"https:\/\/folhadopirajucara.com.br\/index.php\/wp-json\/wp\/v2\/users\/3"}],"replies":[{"embeddable":true,"href":"https:\/\/folhadopirajucara.com.br\/index.php\/wp-json\/wp\/v2\/comments?post=502"}],"version-history":[{"count":0,"href":"https:\/\/folhadopirajucara.com.br\/index.php\/wp-json\/wp\/v2\/posts\/502\/revisions"}],"wp:featuredmedia":[{"embeddable":true,"href":"https:\/\/folhadopirajucara.com.br\/index.php\/wp-json\/wp\/v2\/media\/503"}],"wp:attachment":[{"href":"https:\/\/folhadopirajucara.com.br\/index.php\/wp-json\/wp\/v2\/media?parent=502"}],"wp:term":[{"taxonomy":"category","embeddable":true,"href":"https:\/\/folhadopirajucara.com.br\/index.php\/wp-json\/wp\/v2\/categories?post=502"},{"taxonomy":"post_tag","embeddable":true,"href":"https:\/\/folhadopirajucara.com.br\/index.php\/wp-json\/wp\/v2\/tags?post=502"}],"curies":[{"name":"wp","href":"https:\/\/api.w.org\/{rel}","templated":true}]}}