{"id":505,"date":"2018-08-27T14:04:55","date_gmt":"2018-08-27T16:04:55","guid":{"rendered":"http:\/\/folhadopirajucara.com.br\/?p=505"},"modified":"2018-08-27T14:04:55","modified_gmt":"2018-08-27T16:04:55","slug":"ney-santos-promete-eleger-proximo-presidente-da-camara-e-proximo-prefeito-de-taboao-na-inauguracao-do-comite-de-ely","status":"publish","type":"post","link":"https:\/\/folhadopirajucara.com.br\/index.php\/2018\/08\/27\/ney-santos-promete-eleger-proximo-presidente-da-camara-e-proximo-prefeito-de-taboao-na-inauguracao-do-comite-de-ely\/","title":{"rendered":"Ney Santos promete eleger pr\u00f3ximo presidente da C\u00e2mara e pr\u00f3ximo prefeito de Tabo\u00e3o, na inaugura\u00e7\u00e3o do comit\u00ea de Ely"},"content":{"rendered":"<figure id=\"attachment_506\" aria-describedby=\"caption-attachment-506\" style=\"width: 300px\" class=\"wp-caption alignleft\"><img loading=\"lazy\" decoding=\"async\" class=\"wp-image-506 size-medium\" src=\"https:\/\/folhadopirajucara.com.br\/wp-content\/uploads\/2018\/08\/ney-300x165.jpg\" alt=\"\" width=\"300\" height=\"165\" srcset=\"https:\/\/folhadopirajucara.com.br\/wp-content\/uploads\/2018\/08\/ney-300x165.jpg 300w, https:\/\/folhadopirajucara.com.br\/wp-content\/uploads\/2018\/08\/ney.jpg 600w\" sizes=\"(max-width: 300px) 100vw, 300px\" \/><figcaption id=\"caption-attachment-506\" class=\"wp-caption-text\">Fonte: Jornal na Net<\/figcaption><\/figure>\n<p><span style=\"font-size: 10.5pt; font-family: 'Arial','sans-serif'; color: black;\">O prefeito de Embu das Artes, Ney Santos, (PRB), revelou durante a inaugura\u00e7\u00e3o do comit\u00ea eleitoral da irm\u00e3, Ely Santos, candidata a deputada federal pelo PRB, que o projeto dele para Tabo\u00e3o da Serra \u00e9 eleger o pr\u00f3ximo presidente da C\u00e2mara e o pr\u00f3ximo prefeito da cidade, em 2020. No comit\u00ea lotado, Ney Santos foi aplaudido de p\u00e9 ap\u00f3s a declara\u00e7\u00e3o de que seu projeto para Tabo\u00e3o come\u00e7a com a elei\u00e7\u00e3o da irm\u00e3 deputada federal e passa pela presid\u00eancia da C\u00e2mara at\u00e9 chegar \u00e0 prefeitura.<\/span><\/p>\n<p style=\"font-variant-ligatures: normal; font-variant-caps: normal; orphans: 2; widows: 2; -webkit-text-stroke-width: 0px; text-decoration-style: initial; text-decoration-color: initial; word-spacing: 0px;\"><span style=\"font-size: 10.5pt; font-family: 'Arial','sans-serif'; color: black;\">&#8220;Escuta bem o que t\u00f4 falando. Desse projeto vai sair uma deputada federal. Pode escrever o que eu t\u00f4 falando. Desse projeto, vai sair uma deputada federal. Desse projeto \u00e9 que vai sair o presidente da C\u00e2mara de Tabo\u00e3o da Serra, para o pr\u00f3ximo mandato, e o mais importante: \u00e9 desse projeto que vai sair o pr\u00f3ximo prefeito de Tabo\u00e3o da Serra&#8221;, afirmou o prefeito Ney Santos.<\/span><\/p>\n<p style=\"font-variant-ligatures: normal; font-variant-caps: normal; orphans: 2; widows: 2; -webkit-text-stroke-width: 0px; text-decoration-style: initial; text-decoration-color: initial; word-spacing: 0px;\"><span style=\"font-size: 10.5pt; font-family: 'Arial','sans-serif'; color: black;\">Ele lembrou que s\u00f3 disputou de tr\u00eas elei\u00e7\u00f5es. Disse que em 2010 com toda a turbul\u00eancia provocada pelas den\u00fancias teve 43 mil votos. Em 2012, foi eleito o vereador mais bem votado do Brasil e em 2016 ganhou a prefeitura de Embu com 70% dos votos v\u00e1lidos. Falou que quebrou a hegemonia de 16 anos do PT no Embu. Observou que o voto \u00e9 sagrado e na urna as pessoas votam em quem tem confian\u00e7a.<\/span><\/p>\n<p style=\"font-variant-ligatures: normal; font-variant-caps: normal; orphans: 2; widows: 2; -webkit-text-stroke-width: 0px; text-decoration-style: initial; text-decoration-color: initial; word-spacing: 0px;\"><span style=\"font-size: 10.5pt; font-family: 'Arial','sans-serif'; color: black;\">\u201cA gente n\u00e3o obriga ningu\u00e9m a votar em n\u00f3s. Fazemos campanha de convencimento, com o cora\u00e7\u00e3o\u201d, observou.<br \/>\nArticulador e principal cabo eleitoral da irm\u00e3, Ney Santos, argumentou que ela nasceu e cresceu na periferia de Embu, enfrentou as dificuldades da fam\u00edlia pobre e agora vive em Tabo\u00e3o da Serra. O prefeito de Embu foi enf\u00e1tico ao declarar que a irm\u00e3 dever\u00e1 sair eleita de Tabo\u00e3o e Embu, as duas mais populosas cidades da regi\u00e3o.<\/span><\/p>\n<p style=\"font-variant-ligatures: normal; font-variant-caps: normal; orphans: 2; widows: 2; -webkit-text-stroke-width: 0px; text-decoration-style: initial; text-decoration-color: initial; word-spacing: 0px;\"><span style=\"font-size: 10.5pt; font-family: 'Arial','sans-serif'; color: black;\">&#8220;A Ely n\u00e3o \u00e9 forasteira. Nasceu e cresceu no Embu e hoje mora em Tabo\u00e3o. Acredito que a Ely ser\u00e1 eleita entre Embu e Tabo\u00e3o, porque o povo acredita nesse projeto&#8221;, disse, antes de completar que o projeto passa pela elei\u00e7\u00e3o do pr\u00f3ximo presidente da C\u00e2mara e do pr\u00f3ximo prefeito de Tabo\u00e3o.<\/span><\/p>\n<p style=\"font-variant-ligatures: normal; font-variant-caps: normal; orphans: 2; widows: 2; -webkit-text-stroke-width: 0px; text-decoration-style: initial; text-decoration-color: initial; word-spacing: 0px;\"><span style=\"font-size: 10.5pt; font-family: 'Arial','sans-serif'; color: black;\">Falando sobre a crise econ\u00f4mica e pol\u00edtica do Brasil Ney Santos observou que ao povo s\u00f3 resta duas alternativas: as ora\u00e7\u00f5es e o voto.<\/span><\/p>\n<p style=\"font-variant-ligatures: normal; font-variant-caps: normal; orphans: 2; widows: 2; -webkit-text-stroke-width: 0px; text-decoration-style: initial; text-decoration-color: initial; word-spacing: 0px;\"><span style=\"font-size: 10.5pt; font-family: 'Arial','sans-serif'; color: black;\">&#8220;N\u00e3o lan\u00e7amos a Ely para afrontar ningu\u00e9m. N\u00e3o viemos fazer em campanha em Tabo\u00e3o para afrontar ningu\u00e9m. N\u00f3s queremos eleger a Ely Santos para ajudar Tabo\u00e3o e a regi\u00e3o&#8221;, disse.<\/span><\/p>\n<p style=\"font-variant-ligatures: normal; font-variant-caps: normal; orphans: 2; widows: 2; -webkit-text-stroke-width: 0px; text-decoration-style: initial; text-decoration-color: initial; word-spacing: 0px;\"><span style=\"font-size: 10.5pt; font-family: 'Arial','sans-serif'; color: black;\">Muito aplaudida pelo p\u00fablico presente Ely Santos fez uma fala breve onde se comprometeu a trazer recursos para Tabo\u00e3o e Embu.<\/span><\/p>\n<p style=\"font-variant-ligatures: normal; font-variant-caps: normal; orphans: 2; widows: 2; -webkit-text-stroke-width: 0px; text-decoration-style: initial; text-decoration-color: initial; word-spacing: 0px;\"><span style=\"font-size: 10.5pt; font-family: 'Arial','sans-serif'; color: black;\">&#8220;Estou muito feliz e emocionada com a quantidade de pessoas que est\u00e3o ao nosso lado, ao lado do nosso projeto, ao lado da mudan\u00e7a. N\u00f3s precisamos mudar com urg\u00eancia, Tabo\u00e3o, Embu e a regi\u00e3o&#8221;, afirmou Ely Santos.<\/span><\/p>\n<p style=\"font-variant-ligatures: normal; font-variant-caps: normal; orphans: 2; widows: 2; -webkit-text-stroke-width: 0px; text-decoration-style: initial; text-decoration-color: initial; word-spacing: 0px;\"><span style=\"font-size: 10.5pt; font-family: 'Arial','sans-serif'; color: black;\">O comit\u00ea de Ely Santos em Tabo\u00e3o da Serra fica na rua Benedito Ces\u00e1rio de Oliveira, 1.505. A inaugura\u00e7\u00e3o do local aconteceu em clima festivo neste s\u00e1bado, 25\/08, e contou com a presen\u00e7a dos vereadores Alex Bodinho, Andr\u00e9 Egydio, Carlinhos do Leme, \u00c9rica Franquini, Eduardo N\u00f3brega e v\u00e1rios suplentes de vereador.<\/span><\/p>\n","protected":false},"excerpt":{"rendered":"<p>O prefeito de Embu das Artes, Ney Santos, (PRB), revelou durante a inaugura\u00e7\u00e3o do comit\u00ea eleitoral da irm\u00e3, Ely Santos,<\/p>\n","protected":false},"author":3,"featured_media":506,"comment_status":"open","ping_status":"open","sticky":false,"template":"","format":"standard","meta":{"footnotes":""},"categories":[4],"tags":[],"class_list":["post-505","post","type-post","status-publish","format-standard","has-post-thumbnail","hentry","category-noticias"],"_links":{"self":[{"href":"https:\/\/folhadopirajucara.com.br\/index.php\/wp-json\/wp\/v2\/posts\/505"}],"collection":[{"href":"https:\/\/folhadopirajucara.com.br\/index.php\/wp-json\/wp\/v2\/posts"}],"about":[{"href":"https:\/\/folhadopirajucara.com.br\/index.php\/wp-json\/wp\/v2\/types\/post"}],"author":[{"embeddable":true,"href":"https:\/\/folhadopirajucara.com.br\/index.php\/wp-json\/wp\/v2\/users\/3"}],"replies":[{"embeddable":true,"href":"https:\/\/folhadopirajucara.com.br\/index.php\/wp-json\/wp\/v2\/comments?post=505"}],"version-history":[{"count":0,"href":"https:\/\/folhadopirajucara.com.br\/index.php\/wp-json\/wp\/v2\/posts\/505\/revisions"}],"wp:featuredmedia":[{"embeddable":true,"href":"https:\/\/folhadopirajucara.com.br\/index.php\/wp-json\/wp\/v2\/media\/506"}],"wp:attachment":[{"href":"https:\/\/folhadopirajucara.com.br\/index.php\/wp-json\/wp\/v2\/media?parent=505"}],"wp:term":[{"taxonomy":"category","embeddable":true,"href":"https:\/\/folhadopirajucara.com.br\/index.php\/wp-json\/wp\/v2\/categories?post=505"},{"taxonomy":"post_tag","embeddable":true,"href":"https:\/\/folhadopirajucara.com.br\/index.php\/wp-json\/wp\/v2\/tags?post=505"}],"curies":[{"name":"wp","href":"https:\/\/api.w.org\/{rel}","templated":true}]}}