{"id":5067,"date":"2022-03-10T19:53:34","date_gmt":"2022-03-10T22:53:34","guid":{"rendered":"http:\/\/folhadopirajucara.com.br\/?p=5067"},"modified":"2022-03-10T19:54:10","modified_gmt":"2022-03-10T22:54:10","slug":"sispesp-mantem-luta-por-valorizacao-e-reajuste-de-20-a-todos-servidores","status":"publish","type":"post","link":"https:\/\/folhadopirajucara.com.br\/index.php\/2022\/03\/10\/sispesp-mantem-luta-por-valorizacao-e-reajuste-de-20-a-todos-servidores\/","title":{"rendered":"Sispesp mant\u00e9m luta por valoriza\u00e7\u00e3o e reajuste de 20% a todos servidores"},"content":{"rendered":"<blockquote>\n<p style=\"text-align: center;\"><em><strong>N\u00e3o h\u00e1 sociedade forte com funcionalismo p\u00fablico fraco<\/strong><\/em><\/p>\n<\/blockquote>\n<p>&nbsp;<\/p>\n<p style=\"font-weight: 400;\">O Sindicato dos Servidores P\u00fablicos do Estado de SP (Sispesp) continua em luta pelo reajuste de 20% a todos os servidores p\u00fablicos de S\u00e3o Paulo e contra a discrimina\u00e7\u00e3o estabelecida pelo governador Jo\u00e3o Doria Jr.<\/p>\n<p style=\"font-weight: 400;\">O governo encaminhou \u00e0 Assembleia Legislativa no dia 3 de mar\u00e7o o Projeto de Lei 2, que concede aumento de 20% para os funcion\u00e1rios p\u00fablicos das \u00e1reas da Sa\u00fade e Seguran\u00e7a no Estado. Para os demais servidores, o reajuste ser\u00e1 de 10%.<\/p>\n<p style=\"font-weight: 400;\">\u201cAo estabelecer essa distin\u00e7\u00e3o, o governo comete uma injusti\u00e7a com servidores de muitos setores, como a administra\u00e7\u00e3o\u201d, afirma Lineu Mazano, presidente do Sindicato.<\/p>\n<p style=\"font-weight: 400;\">Em 18 de fevereiro, o Sindicato enviou aos deputados estaduais, l\u00edderes dos partidos e das bancadas da Alesp, pedido de apoio \u00e0 justa reivindica\u00e7\u00e3o do funcionalismo p\u00fablico. \u201cTamb\u00e9m refor\u00e7amos o pedido de audi\u00eancia com o governo, contudo n\u00e3o obtivemos resposta\u201d, lamenta o dirigente.<\/p>\n<p style=\"font-weight: 400;\">Lineu Mazano denuncia que, assim como todos os brasileiros, os servidores sofrem com a alta da infla\u00e7\u00e3o que corr\u00f3i o poder aquisitivo dos trabalhadores e a perspectiva de uma vida digna.<\/p>\n<p style=\"font-weight: 400;\">\u201cH\u00e1 anos sofrem com a falta de reajuste, com ataques promovidos pelo governo que retira cada vez mais os direitos e a perspectivas destes trabalhadores \u00e0 uma aposentadoria digna.<\/p>\n<p style=\"font-weight: 400;\">Portanto, por si s\u00f3, o \u00edndice de 20% j\u00e1 \u00e9 insuficiente. Para repor as perdas, o reajuste deveria chegar a pelo menos 40% de forma igualit\u00e1ria, ou seja, 10% sobre o sal\u00e1rio base pouco vai representar diante dos descontos\u201d, avalia.<\/p>\n<p style=\"font-weight: 400;\">O Sisesp integra a Frente Paulista em Defesa do Servi\u00e7o P\u00fablico que se re\u00fane semanalmente para avaliar as a\u00e7\u00f5es a serem adotadas. \u201cSem recomposi\u00e7\u00e3o h\u00e1 anos, servidores sofrem com perdas sobre sal\u00e1rios e benef\u00edcios. \u00c9 um arrocho absurdo. Portanto, n\u00e3o aceitaremos essa injusti\u00e7a. Estamos organizados\u201d, garante presidente do Sindicato.<\/p>\n<p style=\"font-weight: 400;\">Mais informa\u00e7\u00f5es \u2013 Acesse nosso site\u00a0<a href=\"http:\/\/sispesp.org.br\/\" data-saferedirecturl=\"https:\/\/www.google.com\/url?q=http:\/\/Sispesp.org.br&amp;source=gmail&amp;ust=1647037717108000&amp;usg=AOvVaw0Zg3Unlb3iXoBwppFfA6yH\">Sispesp.org.br<\/a><\/p>\n<p>&nbsp;<\/p>\n<p>*por: Cinthia Ribas (Assessoria de Comunica\u00e7\u00e3o SISPEP)<\/p>\n","protected":false},"excerpt":{"rendered":"<p>N\u00e3o h\u00e1 sociedade forte com funcionalismo p\u00fablico fraco &nbsp; O Sindicato dos Servidores P\u00fablicos do Estado de SP (Sispesp) continua<\/p>\n","protected":false},"author":3,"featured_media":5069,"comment_status":"open","ping_status":"open","sticky":false,"template":"","format":"standard","meta":{"footnotes":""},"categories":[36,1,4],"tags":[],"class_list":["post-5067","post","type-post","status-publish","format-standard","has-post-thumbnail","hentry","category-coluna-do-servidor","category-destaque","category-noticias"],"_links":{"self":[{"href":"https:\/\/folhadopirajucara.com.br\/index.php\/wp-json\/wp\/v2\/posts\/5067"}],"collection":[{"href":"https:\/\/folhadopirajucara.com.br\/index.php\/wp-json\/wp\/v2\/posts"}],"about":[{"href":"https:\/\/folhadopirajucara.com.br\/index.php\/wp-json\/wp\/v2\/types\/post"}],"author":[{"embeddable":true,"href":"https:\/\/folhadopirajucara.com.br\/index.php\/wp-json\/wp\/v2\/users\/3"}],"replies":[{"embeddable":true,"href":"https:\/\/folhadopirajucara.com.br\/index.php\/wp-json\/wp\/v2\/comments?post=5067"}],"version-history":[{"count":2,"href":"https:\/\/folhadopirajucara.com.br\/index.php\/wp-json\/wp\/v2\/posts\/5067\/revisions"}],"predecessor-version":[{"id":5070,"href":"https:\/\/folhadopirajucara.com.br\/index.php\/wp-json\/wp\/v2\/posts\/5067\/revisions\/5070"}],"wp:featuredmedia":[{"embeddable":true,"href":"https:\/\/folhadopirajucara.com.br\/index.php\/wp-json\/wp\/v2\/media\/5069"}],"wp:attachment":[{"href":"https:\/\/folhadopirajucara.com.br\/index.php\/wp-json\/wp\/v2\/media?parent=5067"}],"wp:term":[{"taxonomy":"category","embeddable":true,"href":"https:\/\/folhadopirajucara.com.br\/index.php\/wp-json\/wp\/v2\/categories?post=5067"},{"taxonomy":"post_tag","embeddable":true,"href":"https:\/\/folhadopirajucara.com.br\/index.php\/wp-json\/wp\/v2\/tags?post=5067"}],"curies":[{"name":"wp","href":"https:\/\/api.w.org\/{rel}","templated":true}]}}