{"id":5071,"date":"2022-03-11T22:48:13","date_gmt":"2022-03-12T01:48:13","guid":{"rendered":"http:\/\/folhadopirajucara.com.br\/?p=5071"},"modified":"2022-03-11T22:48:13","modified_gmt":"2022-03-12T01:48:13","slug":"populacao-se-mobiliza-contra-o-bota-fora-do-jardim-das-palmeiras-em-itapecerica-da-serra","status":"publish","type":"post","link":"https:\/\/folhadopirajucara.com.br\/index.php\/2022\/03\/11\/populacao-se-mobiliza-contra-o-bota-fora-do-jardim-das-palmeiras-em-itapecerica-da-serra\/","title":{"rendered":"Popula\u00e7\u00e3o se mobiliza contra o Bota-Fora do Jardim das Palmeiras em Itapecerica da Serra"},"content":{"rendered":"<p>Veja o conte\u00fado da manifesta\u00e7\u00e3o<\/p>\n<p>&nbsp;<\/p>\n<p><img loading=\"lazy\" decoding=\"async\" class=\"wp-image-5072 alignleft\" src=\"https:\/\/folhadopirajucara.com.br\/wp-content\/uploads\/2022\/03\/WhatsApp-Image-2022-03-11-at-21.35.37.jpeg\" alt=\"\" width=\"337\" height=\"337\" srcset=\"https:\/\/folhadopirajucara.com.br\/wp-content\/uploads\/2022\/03\/WhatsApp-Image-2022-03-11-at-21.35.37.jpeg 650w, https:\/\/folhadopirajucara.com.br\/wp-content\/uploads\/2022\/03\/WhatsApp-Image-2022-03-11-at-21.35.37-150x150.jpeg 150w, https:\/\/folhadopirajucara.com.br\/wp-content\/uploads\/2022\/03\/WhatsApp-Image-2022-03-11-at-21.35.37-300x300.jpeg 300w\" sizes=\"(max-width: 337px) 100vw, 337px\" \/>O Bota-Fora do Jardim das Palmeiras que fica em \u00c1rea de Preserva\u00e7\u00e3o Ambiental, Macrozona de Preserva\u00e7\u00e3o da cidade de Itapecerica da Serra, pretende ser um aterro de 3 milh\u00f5es de metros c\u00fabicos em um grande vale, que geraria um faturamento de, por baixo, R$ 80 milh\u00f5es, oriundos do despejo de terra, res\u00edduos e materiais contaminantes por meio de 250 mil viagens de caminh\u00f5es. A \u00e1rea afetada seria de 134.343 m\u00b2 e a justificativa \u00e9 aplainar o terreno e construir um diminuto \u201cCentro de Esportes e Eventos\u201d, ou seja, um aterro gigantesco para dispor 4 quadras de esportes e um pequeno centro de recep\u00e7\u00e3o de visitantes. O \u201cempreendimento esportivo\u201d, que tem a autoriza\u00e7\u00e3o da CETESB, \u00e9 um expediente de fachada para viabilizar o verdadeiro licenciamento do aterro de 3 milh\u00f5es de res\u00edduos, altamente lucrativo e totalmente ilegal, que fere duas Leis Federais (Estatuto das Cidades e Lei da Mata Atl\u00e2ntica), uma Lei Estadual (Lei Espec\u00edfica da Guarapiranga) e o Plano Diretor do Munic\u00edpio de Itapecerica da Serra.<\/p>\n<p>O local encontra-se num dos vales das Serras de Itaquaciara, onde est\u00e3o alguns dos pontos mais altos da cidade e que funciona como cabeceira de drenagem que distribuem \u00e1guas pluviais. Durante milh\u00f5es de anos as \u00e1guas das chuvas correm pela serra para alimentarem a bacia do Rio Embu-Mirim, seus contribuintes e afluentes, como o Rio Itaquaciara, at\u00e9 chegarem \u00e0 Represa Guarapiranga. Vale lembrar que o Embu-Mirim \u00e9 um dos mais importantes Rios da Bacia da Guarapiranga, fornecendo 30% de toda \u00e1gua distribu\u00edda do sistema para a Grande S\u00e3o Paulo. O local tem nascentes e cursos d\u2019\u00e1gua que ser\u00e3o afetados pela pr\u00f3pria atividade e pelos deslizamentos, eventos cada vez mais frequentes por conta das chuvas torrenciais em nossa regi\u00e3o, que vivencia inunda\u00e7\u00f5es, principalmente diante das Emerg\u00eancias Clim\u00e1ticas que vem destruindo moradias em deslizamentos de terra, ceifando vidas e assoreando os mananciais que abastecem a Regi\u00e3o Metropolitana de S\u00e3o Paulo.<\/p>\n<p>Essa amea\u00e7a gerou, por press\u00e3o popular, a instaura\u00e7\u00e3o de uma Comiss\u00e3o Especial de Inqu\u00e9rito, na C\u00e2mara Municipal de Itapecerica em 2019, que apontava as irregularidades e a ilegalidade dessas atividades. Por\u00e9m o Secret\u00e1rio do Meio Ambiente da \u00e9poca, obstruiu os trabalhos e afetou toda a investiga\u00e7\u00e3o, encerrando o processo. As investiga\u00e7\u00f5es continuaram no Minist\u00e9rio P\u00fablico e posteriormente, a associa\u00e7\u00e3o local de defesa do meio ambiente, Preservar Itapecerica entrou com uma A\u00e7\u00e3o Civil P\u00fablica. No momento o processo est\u00e1 em m\u00e3os de uma Comiss\u00e3o do Meio Ambiente do Judici\u00e1rio, mas apesar da n\u00e3o conclus\u00e3o do processo, as degrada\u00e7\u00f5es n\u00e3o param no local. Os \u201cempres\u00e1rios\u201d chegaram a solicitar junto ao Comit\u00ea de Bacias a burla da Lei Espec\u00edfica de Mananciais, que pro\u00edbe a movimenta\u00e7\u00e3o de terra para dentro da Guarapiranga. De onde viria tanta terra e res\u00edduos para viabilizar esse grande neg\u00f3cio? A resposta \u00e9: de fora da bacia, o que \u00e9 ILEGAL!<\/p>\n<p>A preocupa\u00e7\u00e3o n\u00e3o se restringe apenas a degrada\u00e7\u00e3o ambiental. Os moradores locais est\u00e3o tamb\u00e9m receosos com os riscos de acidentes, que s\u00e3o alt\u00edssimos na Rodovia Bento Rotger Domingues, que d\u00e1 acesso ao local, conhecida como \u201crodovia da morte\u201d. Esta rodovia possui um hist\u00f3rico de acidentes grav\u00edssimos envolvendo caminh\u00f5es, desde colis\u00f5es entre carretas, atropelamentos, quedas de ribanceira e at\u00e9 morte violenta de crian\u00e7as. Caso o Bota-Fora seja autorizado, demandar\u00e1 250 mil viagens de caminh\u00e3o, durante 4 anos, o que d\u00e1 em m\u00e9dia um aumento de 180 caminh\u00f5es a mais na via por dia, numa rodovia que j\u00e1 tem um tr\u00e1fego intenso de caminh\u00f5es, inclusive que trafegam com carga pesada, como o granito, vindo da Pedreira da Votorantim Cimentos, no bairro de Itaquaciara, que fica pr\u00f3ximo. Isso aumenta as chances de muito mais acidentes.<\/p>\n<p>LUTEMOS CONTRA ESSE ATERRO GIGANTE EM \u00c1REA DE PRESERVA\u00c7\u00c3O DE MANANCIAIS QUE AFETAR\u00c1 O FORNECIMENTO DE \u00c1GUA PARA A GRANDE S\u00c3O PAULO<\/p>\n<p>VIDAS EST\u00c3O EM RISCO NA RODOVIA DA MORTE<\/p>\n<p>N\u00c3O VAMOS ACEITAR!<\/p>\n<p>Junte-se a n\u00f3s contra esta atrocidade!<br \/>\nAssine a peti\u00e7\u00e3o.<\/p>\n<p>&nbsp;<\/p>\n<p>JUNTE-SE A N\u00d3S CONTRA O ATERRO DE 3 MILH\u00d5ES DE METROS C\u00daBICOS DE TERRA E RES\u00cdDUOS EM ITAPECERICA DA SERRA<br \/>\nASSINE A PETI\u00c7\u00c3O<\/p>\n<p>Compartilhe e assine:<\/p>\n<p><a href=\"https:\/\/secure.avaaz.org\/community_petitions\/en\/governador_doria_sima_e_cetesb_todos_e_todas_contra_o_maior_aterro_do_sudoeste_da_regiao_metropolitana_de_sao_paulo\/?zeiDVsb&amp;fbclid=IwAR1SByGhRWu0b6IFVZ-jjoX_lJ4e6e9dpqYEQupt3CEfcvMSSXZZ5Uzp_N4\">https:\/\/secure.avaaz.org\/community_petitions\/en\/governador_doria_sima_e_cetesb_todos_e_todas_contra_o_maior_aterro_do_sudoeste_da_regiao_metropolitana_de_sao_paulo\/?zeiDVsb&amp;fbclid=IwAR1SByGhRWu0b6IFVZ-jjoX_lJ4e6e9dpqYEQupt3CEfcvMSSXZZ5Uzp_N4<\/a><\/p>\n<p>&nbsp;<\/p>\n<p>Se for \u00e0 frente, ser\u00e1 o maior aterro da Regi\u00e3o em \u00e1rea de mananciais da Bacia do Guarapiranga e afetar\u00e1 o abastecimento de \u00e1gua da Regi\u00e3o Metropolitana de S\u00e3o Paulo.<\/p>\n<p>&nbsp;<\/p>\n<p>*por: Adriana Abelh\u00e3o<\/p>\n","protected":false},"excerpt":{"rendered":"<p>Veja o conte\u00fado da manifesta\u00e7\u00e3o &nbsp; O Bota-Fora do Jardim das Palmeiras que fica em \u00c1rea de Preserva\u00e7\u00e3o Ambiental, Macrozona<\/p>\n","protected":false},"author":3,"featured_media":5028,"comment_status":"open","ping_status":"open","sticky":false,"template":"","format":"standard","meta":{"footnotes":""},"categories":[1,16,4],"tags":[],"class_list":["post-5071","post","type-post","status-publish","format-standard","has-post-thumbnail","hentry","category-destaque","category-itapecerica-da-serra","category-noticias"],"_links":{"self":[{"href":"https:\/\/folhadopirajucara.com.br\/index.php\/wp-json\/wp\/v2\/posts\/5071"}],"collection":[{"href":"https:\/\/folhadopirajucara.com.br\/index.php\/wp-json\/wp\/v2\/posts"}],"about":[{"href":"https:\/\/folhadopirajucara.com.br\/index.php\/wp-json\/wp\/v2\/types\/post"}],"author":[{"embeddable":true,"href":"https:\/\/folhadopirajucara.com.br\/index.php\/wp-json\/wp\/v2\/users\/3"}],"replies":[{"embeddable":true,"href":"https:\/\/folhadopirajucara.com.br\/index.php\/wp-json\/wp\/v2\/comments?post=5071"}],"version-history":[{"count":1,"href":"https:\/\/folhadopirajucara.com.br\/index.php\/wp-json\/wp\/v2\/posts\/5071\/revisions"}],"predecessor-version":[{"id":5073,"href":"https:\/\/folhadopirajucara.com.br\/index.php\/wp-json\/wp\/v2\/posts\/5071\/revisions\/5073"}],"wp:featuredmedia":[{"embeddable":true,"href":"https:\/\/folhadopirajucara.com.br\/index.php\/wp-json\/wp\/v2\/media\/5028"}],"wp:attachment":[{"href":"https:\/\/folhadopirajucara.com.br\/index.php\/wp-json\/wp\/v2\/media?parent=5071"}],"wp:term":[{"taxonomy":"category","embeddable":true,"href":"https:\/\/folhadopirajucara.com.br\/index.php\/wp-json\/wp\/v2\/categories?post=5071"},{"taxonomy":"post_tag","embeddable":true,"href":"https:\/\/folhadopirajucara.com.br\/index.php\/wp-json\/wp\/v2\/tags?post=5071"}],"curies":[{"name":"wp","href":"https:\/\/api.w.org\/{rel}","templated":true}]}}