{"id":5074,"date":"2022-03-12T15:21:13","date_gmt":"2022-03-12T18:21:13","guid":{"rendered":"http:\/\/folhadopirajucara.com.br\/?p=5074"},"modified":"2022-03-12T15:21:13","modified_gmt":"2022-03-12T18:21:13","slug":"impulsiona-taboao-especial-mes-da-mulher-sera-em-26-de-marco-no-jardim-record","status":"publish","type":"post","link":"https:\/\/folhadopirajucara.com.br\/index.php\/2022\/03\/12\/impulsiona-taboao-especial-mes-da-mulher-sera-em-26-de-marco-no-jardim-record\/","title":{"rendered":"Impulsiona Tabo\u00e3o especial M\u00eas da Mulher ser\u00e1 em 26 de mar\u00e7o no Jardim Record"},"content":{"rendered":"<blockquote>\n<p style=\"text-align: center;\"><strong><em>A\u00e7\u00e3o social acontece na EMEF Prof\u00aa. Therezinha Volpato Baro, das 10h \u00e0s 16h. Haver\u00e1 atividades, programas e servi\u00e7os nas \u00e1reas de Sa\u00fade, Habita\u00e7\u00e3o, Assist\u00eancia Social, Educa\u00e7\u00e3o, Esporte, Cultura, Desenvolvimento Econ\u00f4mico e \u00a0Cidadania<\/em><\/strong><\/p>\n<\/blockquote>\n<p>A a\u00e7\u00e3o social Impulsiona Tabo\u00e3o chega a terceira edi\u00e7\u00e3o no s\u00e1bado, 26 de mar\u00e7o, com edi\u00e7\u00e3o especial em comemora\u00e7\u00e3o ao M\u00eas da Mulher. Desta vez o evento que leva servi\u00e7os da Prefeitura de Tabo\u00e3o da Serra e conta com atividades para toda a fam\u00edlia ser\u00e1 na EMEF Prof\u00aa. Therezinha Volpato Baro e beneficiar\u00e1 moradores do Jardim Record e regi\u00e3o. A a\u00e7\u00e3o acontece das 10h \u00e0s 16h, na Avenida Cid Nelson Jordano, 391 e \u00e9 aberta a popula\u00e7\u00e3o.<\/p>\n<p>O prefeito Apr\u00edgio ressaltou a import\u00e2ncia da a\u00e7\u00e3o. \u201cNo ano passado realizamos duas edi\u00e7\u00f5es do Impulsiona Tabo\u00e3o que foram um sucesso. Os moradores que compareceram puderam participar de atividades e ter acesso a diversos servi\u00e7os da Prefeitura em \u00e1reas como Assist\u00eancia Social, Habita\u00e7\u00e3o, Cultura, Esportes, entre outros. Nosso objetivo com o Impulsiona Tabo\u00e3o \u00e9 desburocratizar a Prefeitura, \u00e9 promover cidadania e levar dignidade a todos\u201d, destacou.<\/p>\n<p>A primeira edi\u00e7\u00e3o do Impulsiona Tabo\u00e3o ocorreu em novembro, na EMEF Francisco Ferreira Paes e beneficiou moradores do Mituzi e Piraju\u00e7ara. J\u00e1 a segunda edi\u00e7\u00e3o contou com a participa\u00e7\u00e3o de cerca de tr\u00eas mil pessoas da regi\u00e3o do Trianon que compareceram na EMEF Ester Cordeiro de Souza.<\/p>\n<p>&nbsp;<\/p>\n<p><strong>Confira os principais servi\u00e7os e atividades que estar\u00e3o dispon\u00edveis:<\/strong><\/p>\n<p>&nbsp;<\/p>\n<p>Sa\u00fade: vacina\u00e7\u00e3o contra a Covid-19; testes r\u00e1pidos da Covid-19; Consult\u00f3rio Odontom\u00f3vel; aferi\u00e7\u00e3o de press\u00e3o arterial e glicemia.<\/p>\n<p>Emprego e Renda: Corte de cabelo masculino e feminino, design\u00a0de sobrancelhas, balc\u00e3o de empregos, carteira de trabalho digital, Sebrae Aqui &#8211; orienta\u00e7\u00f5es para MEI, recebimento e elabora\u00e7\u00e3o de curr\u00edculos.<\/p>\n<p>Habita\u00e7\u00e3o e Meio Ambiente: distribui\u00e7\u00e3o de mudas, educa\u00e7\u00e3o urban\u00edstica e ambiental, orienta\u00e7\u00f5es sobre regulariza\u00e7\u00e3o fundi\u00e1ria, orienta\u00e7\u00e3o geral sobre os servi\u00e7os do meio ambiente e licenciamento.<\/p>\n<p>Assist\u00eancia Social e Cidadania: Programa Crian\u00e7a Feliz, Varal Solid\u00e1rio, Acesso Digital, acolhimento, Banco de Alimentos, Tarifa Social de Energia\u00a0 El\u00e9trica, cadastro e atualiza\u00e7\u00e3o do Cad\u00danico, Procon de Tabo\u00e3o da Serra e orienta\u00e7\u00e3o jur\u00eddica em parceria com a Ordem dos Advogados do Brasil (OAB).\u00a0Educa\u00e7\u00e3o: Inscri\u00e7\u00f5es para o Ensino de Jovens e Adultos (EJA), sala de desenho, laborat\u00f3rio m\u00f3vel de inform\u00e1tica e conta\u00e7\u00e3o de hist\u00f3rias.<\/p>\n<p>Cultura e Esportes: demonstra\u00e7\u00e3o de artes marciais, pintura de rosto, atividades l\u00fadicas e m\u00fasica.<\/p>\n<p>&nbsp;<\/p>\n<p><strong>Servi\u00e7o:<\/strong><\/p>\n<p><strong>Impulsiona Tabo\u00e3o &#8211; Especial M\u00eas da Mulher<\/strong><\/p>\n<p>Dia 26 de mar\u00e7o, das 10h \u00e0s 16h<\/p>\n<p>Local: EMEF Prof\u00aa Therezinha Volpato Baro &#8211; Av. Cid Nelson Jordano, 391, Jardim Record<\/p>\n<p>&nbsp;<\/p>\n<p>*por: Vera Sampaio<\/p>\n","protected":false},"excerpt":{"rendered":"<p>A\u00e7\u00e3o social acontece na EMEF Prof\u00aa. Therezinha Volpato Baro, das 10h \u00e0s 16h. Haver\u00e1 atividades, programas e servi\u00e7os nas \u00e1reas<\/p>\n","protected":false},"author":3,"featured_media":5075,"comment_status":"open","ping_status":"open","sticky":false,"template":"","format":"standard","meta":{"footnotes":""},"categories":[1,4,10],"tags":[],"class_list":["post-5074","post","type-post","status-publish","format-standard","has-post-thumbnail","hentry","category-destaque","category-noticias","category-taboao-da-serra"],"_links":{"self":[{"href":"https:\/\/folhadopirajucara.com.br\/index.php\/wp-json\/wp\/v2\/posts\/5074"}],"collection":[{"href":"https:\/\/folhadopirajucara.com.br\/index.php\/wp-json\/wp\/v2\/posts"}],"about":[{"href":"https:\/\/folhadopirajucara.com.br\/index.php\/wp-json\/wp\/v2\/types\/post"}],"author":[{"embeddable":true,"href":"https:\/\/folhadopirajucara.com.br\/index.php\/wp-json\/wp\/v2\/users\/3"}],"replies":[{"embeddable":true,"href":"https:\/\/folhadopirajucara.com.br\/index.php\/wp-json\/wp\/v2\/comments?post=5074"}],"version-history":[{"count":1,"href":"https:\/\/folhadopirajucara.com.br\/index.php\/wp-json\/wp\/v2\/posts\/5074\/revisions"}],"predecessor-version":[{"id":5076,"href":"https:\/\/folhadopirajucara.com.br\/index.php\/wp-json\/wp\/v2\/posts\/5074\/revisions\/5076"}],"wp:featuredmedia":[{"embeddable":true,"href":"https:\/\/folhadopirajucara.com.br\/index.php\/wp-json\/wp\/v2\/media\/5075"}],"wp:attachment":[{"href":"https:\/\/folhadopirajucara.com.br\/index.php\/wp-json\/wp\/v2\/media?parent=5074"}],"wp:term":[{"taxonomy":"category","embeddable":true,"href":"https:\/\/folhadopirajucara.com.br\/index.php\/wp-json\/wp\/v2\/categories?post=5074"},{"taxonomy":"post_tag","embeddable":true,"href":"https:\/\/folhadopirajucara.com.br\/index.php\/wp-json\/wp\/v2\/tags?post=5074"}],"curies":[{"name":"wp","href":"https:\/\/api.w.org\/{rel}","templated":true}]}}