{"id":5128,"date":"2022-03-24T20:00:02","date_gmt":"2022-03-24T23:00:02","guid":{"rendered":"http:\/\/folhadopirajucara.com.br\/?p=5128"},"modified":"2022-03-24T20:00:02","modified_gmt":"2022-03-24T23:00:02","slug":"procon-funcionarios-mantem-estado-de-greve-ate-o-dia-30","status":"publish","type":"post","link":"https:\/\/folhadopirajucara.com.br\/index.php\/2022\/03\/24\/procon-funcionarios-mantem-estado-de-greve-ate-o-dia-30\/","title":{"rendered":"Procon: Funcion\u00e1rios mant\u00eam estado de greve at\u00e9 o dia 30"},"content":{"rendered":"<p style=\"font-weight: 400;\">Em assembleia realizada na ter\u00e7a-feira, dia 22, funcion\u00e1rios da Funda\u00e7\u00e3o Procon aprovaram a manuten\u00e7\u00e3o do estado de greve da categoria, decretado no \u00faltimo dia 15. Em campanha salarial, os trabalhadores reivindicam, entre outros itens, reposi\u00e7\u00e3o salarial de mais de 25% a fim de recompor as perdas dos \u00faltimos quatro anos.<\/p>\n<p style=\"font-weight: 400;\">Lineu Neves Mazano, presidente do Sindicato dos Servidores P\u00fablicos do Estado de SP (Sispesp), lembrou que durante a pandemia (entre 2019 e 2021) o Procon produziu e repassou ao governo do Estado mais de R$ 500 milh\u00f5es. \u201cApesar desse super\u00e1vit, o governo prop\u00f5e um reajuste de 10,33%, sendo que esses servidores amargam uma defasagem salarial de em m\u00e9dia 26%, pois est\u00e3o h\u00e1 quatro anos sem reposi\u00e7\u00e3o Sem falar que durante a pandemia a categoria n\u00e3o parou e, inclusive, intensificou sua atua\u00e7\u00e3o\u201d, explicou Lineu Mazano, presidente do Sispesp.<\/p>\n<p style=\"font-weight: 400;\"><strong>Diferencia\u00e7\u00e3o\u00a0<\/strong>\u2013 Ainda na ter\u00e7a-feira, na calada da noite, deputados da Assembleia Legislativa do Estado de S\u00e3o Paulo (Alesp) aprovaram o Projeto de Lei 2\/2022, do governador Jo\u00e3o Doria (PSDB), que estabelece 20% de reajuste para\u00a0servidores da Sa\u00fade e da Seguran\u00e7a P\u00fablica; e 10% para as demais categorias. Cabe ressaltar que tais servidores sofrem perda m\u00e9dia de 40% do poder aquisitivo, diante de anos seguidos sem reajuste.<\/p>\n<p style=\"font-weight: 400;\">\u201cO texto foi aprovado por aclama\u00e7\u00e3o, sem a necessidade de verifica\u00e7\u00e3o das quantidades de votos a favor ou contr\u00e1rios \u00e0 mat\u00e9ria, ou seja, uma artimanha do governo. Dessa forma n\u00e3o sabemos quem votou a favor ou contra o projeto\u201d, critica Lineu Mazano.<\/p>\n<p style=\"font-weight: 400;\">Segundo Mazano, o PL 2 estabeleceu uma discrimina\u00e7\u00e3o entre as categorias. \u201cA luta continua. Estamos em campanha salarial e defendendo reajuste espec\u00edfico por funda\u00e7\u00e3o ou autarquia durante as negocia\u00e7\u00f5es. \u00c9 injusto ignorar as perdas sofridas por esses servidores ao longo dos \u00faltimos anos\u201d, completa o l\u00edder sindical.<\/p>\n<p style=\"font-weight: 400;\">\n<p style=\"font-weight: 400;\">Saiba mais \u2013 Acesse nosso site\u00a0<a href=\"http:\/\/sispesp.org.br\/\" data-saferedirecturl=\"https:\/\/www.google.com\/url?q=http:\/\/sispesp.org.br&amp;source=gmail&amp;ust=1648249039342000&amp;usg=AOvVaw3QzawAdNPs-Fy6NwsetEmP\">sispesp.org.br<\/a><\/p>\n<p>&nbsp;<\/p>\n<p>*por: Cinthia Ribas<\/p>\n<p>&nbsp;<\/p>\n<p>&nbsp;<\/p>\n","protected":false},"excerpt":{"rendered":"<p>Em assembleia realizada na ter\u00e7a-feira, dia 22, funcion\u00e1rios da Funda\u00e7\u00e3o Procon aprovaram a manuten\u00e7\u00e3o do estado de greve da categoria,<\/p>\n","protected":false},"author":3,"featured_media":5129,"comment_status":"open","ping_status":"open","sticky":false,"template":"","format":"standard","meta":{"footnotes":""},"categories":[36,1,4],"tags":[],"class_list":["post-5128","post","type-post","status-publish","format-standard","has-post-thumbnail","hentry","category-coluna-do-servidor","category-destaque","category-noticias"],"_links":{"self":[{"href":"https:\/\/folhadopirajucara.com.br\/index.php\/wp-json\/wp\/v2\/posts\/5128"}],"collection":[{"href":"https:\/\/folhadopirajucara.com.br\/index.php\/wp-json\/wp\/v2\/posts"}],"about":[{"href":"https:\/\/folhadopirajucara.com.br\/index.php\/wp-json\/wp\/v2\/types\/post"}],"author":[{"embeddable":true,"href":"https:\/\/folhadopirajucara.com.br\/index.php\/wp-json\/wp\/v2\/users\/3"}],"replies":[{"embeddable":true,"href":"https:\/\/folhadopirajucara.com.br\/index.php\/wp-json\/wp\/v2\/comments?post=5128"}],"version-history":[{"count":1,"href":"https:\/\/folhadopirajucara.com.br\/index.php\/wp-json\/wp\/v2\/posts\/5128\/revisions"}],"predecessor-version":[{"id":5130,"href":"https:\/\/folhadopirajucara.com.br\/index.php\/wp-json\/wp\/v2\/posts\/5128\/revisions\/5130"}],"wp:featuredmedia":[{"embeddable":true,"href":"https:\/\/folhadopirajucara.com.br\/index.php\/wp-json\/wp\/v2\/media\/5129"}],"wp:attachment":[{"href":"https:\/\/folhadopirajucara.com.br\/index.php\/wp-json\/wp\/v2\/media?parent=5128"}],"wp:term":[{"taxonomy":"category","embeddable":true,"href":"https:\/\/folhadopirajucara.com.br\/index.php\/wp-json\/wp\/v2\/categories?post=5128"},{"taxonomy":"post_tag","embeddable":true,"href":"https:\/\/folhadopirajucara.com.br\/index.php\/wp-json\/wp\/v2\/tags?post=5128"}],"curies":[{"name":"wp","href":"https:\/\/api.w.org\/{rel}","templated":true}]}}