{"id":5155,"date":"2022-03-29T20:15:24","date_gmt":"2022-03-29T23:15:24","guid":{"rendered":"http:\/\/folhadopirajucara.com.br\/?p=5155"},"modified":"2022-03-31T20:17:53","modified_gmt":"2022-03-31T23:17:53","slug":"coluna-do-servidor-servidores-do-procon-adiam-decisao-de-greve-para-dia-4","status":"publish","type":"post","link":"https:\/\/folhadopirajucara.com.br\/index.php\/2022\/03\/29\/coluna-do-servidor-servidores-do-procon-adiam-decisao-de-greve-para-dia-4\/","title":{"rendered":"Coluna do Servidor: Servidores do Procon adiam decis\u00e3o de greve para dia 4"},"content":{"rendered":"<blockquote>\n<p style=\"text-align: center;\"><em><strong>N\u00e3o h\u00e1 sociedade forte com funcionalismo p\u00fablico fraco<\/strong><\/em><\/p>\n<\/blockquote>\n<p>&nbsp;<\/p>\n<p>Servidores do Procon decidiram em vota\u00e7\u00e3o equilibrada (38 a favor e 34 contra) manter o estado de greve e n\u00e3o deflagrar a paralisa\u00e7\u00e3o programada para quinta-feira 31\/03.<\/p>\n<p>A decis\u00e3o aconteceu em assembleia realizada pelo Sispesp, com apoio da Afprocon, na quarta-feira (30), em frente \u00e0 sede da Funda\u00e7\u00e3o.<\/p>\n<p>Os trabalhadores devem aguardar a pr\u00f3xima audi\u00eancia no Tribunal Regional do Trabalho da 2\u00aa Regi\u00e3o que acontece na segunda-feira, dia 4 de abril.<\/p>\n<p>Com a evidente disposi\u00e7\u00e3o de ambas as partes por um acordo, o juiz e vice-presidente Edilson Soares de Lima, prop\u00f4s estender a negocia\u00e7\u00e3o. A data acordada para que haja uma resposta \u00e0s reivindica\u00e7\u00f5es foi 1\u00ba de abril.<\/p>\n<p>Fernando Capez, diretor da Funda\u00e7\u00e3o, se comprometeu a defender um reajuste de no m\u00ednimo 20% junto \u00e0 Comiss\u00e3o de Pol\u00edtica Salarial (CPS).<\/p>\n<p>Sem recomposi\u00e7\u00e3o salarial h\u00e1 quatro anos, funcion\u00e1rios do Procon sofrem com o arrocho salarial e a perda do poder aquisitivo. A categoria reivindica de 25% de reposi\u00e7\u00e3o, enquanto o governo acena apenas com 10,33% (INPC de 2021). Mesmo a Funda\u00e7\u00e3o tendo lucrado e repassado aos cofres do Estado cerca de R$ 500 milh\u00f5es durante a pandemia (entre 2019 e 2021).<\/p>\n<p>Para Lineu Neves Mazano, presidente do Sispesp, a \u00faltima sa\u00edda deve ser a greve. \u201c\u00c9 uma batalha dura, porque sabemos que com esse governo n\u00e3o tem di\u00e1logo. \u00c9 um governo que s\u00f3 retira direito dos servidores. Mas temos que esgotar todas as alternativas antes de partir para uma paralisa\u00e7\u00e3o eu tem suas consequ\u00eancias\u201d, alertou o dirigente.<\/p>\n<p>&nbsp;<\/p>\n<p><strong>Assembleia<\/strong>\u00a0\u2013 Trabalhadores voltam a se reunir em assembleia virtual, a partir das 16h30, ap\u00f3s audi\u00eancia no TRT, para avaliar os rumos da mobiliza\u00e7\u00e3o e decidir pela realiza\u00e7\u00e3o ou n\u00e3o da paralisa\u00e7\u00e3o.<\/p>\n<p>&nbsp;<\/p>\n<p>*por: Cinthia Ribas\u00a0(Assessoria de Comunica\u00e7\u00e3o SISPEP)<\/p>\n","protected":false},"excerpt":{"rendered":"<p>N\u00e3o h\u00e1 sociedade forte com funcionalismo p\u00fablico fraco &nbsp; Servidores do Procon decidiram em vota\u00e7\u00e3o equilibrada (38 a favor e<\/p>\n","protected":false},"author":3,"featured_media":5157,"comment_status":"open","ping_status":"open","sticky":false,"template":"","format":"standard","meta":{"footnotes":""},"categories":[36,1,4],"tags":[],"class_list":["post-5155","post","type-post","status-publish","format-standard","has-post-thumbnail","hentry","category-coluna-do-servidor","category-destaque","category-noticias"],"_links":{"self":[{"href":"https:\/\/folhadopirajucara.com.br\/index.php\/wp-json\/wp\/v2\/posts\/5155"}],"collection":[{"href":"https:\/\/folhadopirajucara.com.br\/index.php\/wp-json\/wp\/v2\/posts"}],"about":[{"href":"https:\/\/folhadopirajucara.com.br\/index.php\/wp-json\/wp\/v2\/types\/post"}],"author":[{"embeddable":true,"href":"https:\/\/folhadopirajucara.com.br\/index.php\/wp-json\/wp\/v2\/users\/3"}],"replies":[{"embeddable":true,"href":"https:\/\/folhadopirajucara.com.br\/index.php\/wp-json\/wp\/v2\/comments?post=5155"}],"version-history":[{"count":1,"href":"https:\/\/folhadopirajucara.com.br\/index.php\/wp-json\/wp\/v2\/posts\/5155\/revisions"}],"predecessor-version":[{"id":5156,"href":"https:\/\/folhadopirajucara.com.br\/index.php\/wp-json\/wp\/v2\/posts\/5155\/revisions\/5156"}],"wp:featuredmedia":[{"embeddable":true,"href":"https:\/\/folhadopirajucara.com.br\/index.php\/wp-json\/wp\/v2\/media\/5157"}],"wp:attachment":[{"href":"https:\/\/folhadopirajucara.com.br\/index.php\/wp-json\/wp\/v2\/media?parent=5155"}],"wp:term":[{"taxonomy":"category","embeddable":true,"href":"https:\/\/folhadopirajucara.com.br\/index.php\/wp-json\/wp\/v2\/categories?post=5155"},{"taxonomy":"post_tag","embeddable":true,"href":"https:\/\/folhadopirajucara.com.br\/index.php\/wp-json\/wp\/v2\/tags?post=5155"}],"curies":[{"name":"wp","href":"https:\/\/api.w.org\/{rel}","templated":true}]}}