{"id":5179,"date":"2022-04-13T22:31:13","date_gmt":"2022-04-14T01:31:13","guid":{"rendered":"http:\/\/folhadopirajucara.com.br\/?p=5179"},"modified":"2022-04-13T22:31:13","modified_gmt":"2022-04-14T01:31:13","slug":"coordenadoria-da-mulher-de-taboao-da-serra-atendeu-589-novos-casos-de-janeiro-2021-a-abril-2022","status":"publish","type":"post","link":"https:\/\/folhadopirajucara.com.br\/index.php\/2022\/04\/13\/coordenadoria-da-mulher-de-taboao-da-serra-atendeu-589-novos-casos-de-janeiro-2021-a-abril-2022\/","title":{"rendered":"Coordenadoria da Mulher de Tabo\u00e3o da Serra atendeu 589 novos casos de janeiro\/2021 a abril\/2022"},"content":{"rendered":"<p>A Coordenadoria dos Direitos da Mulher de Tabo\u00e3o da Serra \u00e9 respons\u00e1vel por realizar acolhimentos, atendimentos, orienta\u00e7\u00f5es e encaminhamos para Rede de Apoio para as mulheres que s\u00e3o v\u00edtimas de viol\u00eancia. De janeiro de 2021 ao in\u00edcio de abril deste ano, o \u00f3rg\u00e3o atendeu 1.540 casos, dos quais 589 s\u00e3o novos.<\/p>\n<article class=\" \">Gisele Luiza Teles Almeida Moraes, coordenadora dos Direitos da Mulher da Prefeitura de Tabo\u00e3o da Serra, afirma que o n\u00famero de den\u00fancias cresceu muito durante a pandemia.\u00a0<em>\u201cNesse per\u00edodo de pandemia o n\u00famero de agress\u00f5es devido \u00e0 in\u00fameras situa\u00e7\u00f5es cresceu bastante e, consequentemente, aumentou tamb\u00e9m o n\u00famero de mulheres que denunciam seus agressores e pedem ajuda, o que \u00e9 muito bom, j\u00e1 que permite que as v\u00edtimas saibam que n\u00e3o est\u00e3o sozinhas e possibilita a supera\u00e7\u00e3o da viol\u00eancia\u201d, explica. \u201cEsse aumento que tivemos no \u00faltimo ano representa quase 40% dos casos que atendemos, mas acreditamos que o n\u00famero de v\u00edtimas pode ser ainda maior\u201d<\/em>, afirma.<\/p>\n<p>Pensando em ampliar as den\u00fancias e evitar que tais situa\u00e7\u00f5es aconte\u00e7am, a Coordenadoria investe em orienta\u00e7\u00e3o. No m\u00eas de mar\u00e7o, Gisele Almeida realizou palestras em Unidades B\u00e1sicas de Sa\u00fade (UBSs), Centros de Refer\u00eancia em Assist\u00eancia Social (CRAS), entre outros \u00f3rg\u00e3os.\u00a0<em>\u201cMuitas mulheres acreditam que a viol\u00eancia \u00e9 apenas f\u00edsica, quando na verdade existem muitos outros tipos, como a viol\u00eancia psicol\u00f3gica, em que o agressor faz xingamentos, amea\u00e7as, humilha\u00e7\u00f5es e muitas vezes n\u00e3o encosta um dedo nessa mulher. Ent\u00e3o, orientar as mulheres e os profissionais que podem atender essas v\u00edtimas ainda \u00e9 a melhor maneira de alertar que a viol\u00eancia contra a mulher \u00e9 um crime, que a pessoa deve pedir ajuda e que \u00e9 poss\u00edvel superar a situa\u00e7\u00e3o pois n\u00e3o est\u00e1 s\u00f3\u201d,<\/em>\u00a0completa.<\/p>\n<p>Al\u00e9m de acolher a mulher que \u00e9 v\u00edtima de viol\u00eancia, a Coordenadoria realiza encaminhamentos para \u00f3rg\u00e3os parceiros, como a Delegacia de Defesa da Mulher, o Minist\u00e9rio P\u00fablico, o Conselho Tutelar, a Guarda Civil Municipal, a Ordem dos Advogados do Brasil (OAB), as Secretarias de Assist\u00eancia Social e Cidadania e de Desenvolvimento Econ\u00f4mico, Trabalho e Renda, entre outros, al\u00e9m de contar com o apoio das 2\u00aa e 4\u00aa Cia da Pol\u00edcia Militar.<\/p>\n<p>Em dezembro do ano passado, a Coordenadoria da Mulher de Tabo\u00e3o da Serra come\u00e7ou a realizar atendimentos e orienta\u00e7\u00f5es atrav\u00e9s do WhatsApp (11) 95674-4165. \u00a0Todas as taboanenses podem salvar esse contato no celular e solicitar orienta\u00e7\u00f5es quando precisarem.<\/p>\n<p>Vale ressaltar que, se a mulher estiver sendo v\u00edtima de viol\u00eancia deve buscar ajuda imediatamente, seja com a Guarda Civil Municipal pelo telefone 153 ou com a Pol\u00edcia Militar pelo 190. Para den\u00fancias existe ainda o telefone 180, n\u00famero da Central de Atendimento \u00e0 Mulher do Governo Federal.<\/p>\n<p>O prefeito Apr\u00edgio refor\u00e7a que a viol\u00eancia contra a mulher continuar\u00e1 sendo combatido<em>. \u201cA viol\u00eancia contra as mulheres, al\u00e9m de ser crime, \u00e9 algo que n\u00e3o podemos tolerar. Por isso, as taboanenses \u00a0que s\u00e3o v\u00edtimas podem contar com o apoio da Coordenadoria dos Direitos da Mulher e da Guarda Civil Municipal. Continuaremos combatendo a criminalidade e viol\u00eancia contra as mulheres\u201d,<\/em>\u00a0declara.<\/p>\n<p><strong>Impulsiona Tabo\u00e3o<\/strong><br \/>\nDurante a 3\u00aa edi\u00e7\u00e3o da a\u00e7\u00e3o social Impulsiona Tabo\u00e3o, realizado em 26\/03 na EMEF Prof\u00aa. Therezinha Volpato Baro, a Coordenadoria da Mulher de Tabo\u00e3o da Serra marcou presentar na Sala das Coordenadorias. \u00c0 ocasi\u00e3o, o \u00f3rg\u00e3o prestou orienta\u00e7\u00f5es aos moradores, falando sobre os trabalhos que desenvolve e esclarecendo sobre os tipos de viol\u00eancia.<\/p>\n<p><strong>Servi\u00e7o:<\/strong><br \/>\nCoordenadoria dos Direitos da Mulher<br \/>\nEstrada das Olarias, 670, Jardim Tri\u00e2ngulo<br \/>\nTel.: (11) 4787-3923<br \/>\nWhatsApp: (11) 95674-4165<br \/>\ndiretodamulher@taboaodaserra.sp.gov.br<\/p>\n<p>Guarda Civil Municipal (GCM): 153 (24h)<br \/>\nPol\u00edcia Militar: 190 (24h)<br \/>\nCentral de Atendimento \u00e0 Mulher: 180 (24h)<\/p>\n<\/article>\n<div class=\"mgheader\"><\/div>\n<div>*fonte: PMTS<\/div>\n","protected":false},"excerpt":{"rendered":"<p>A Coordenadoria dos Direitos da Mulher de Tabo\u00e3o da Serra \u00e9 respons\u00e1vel por realizar acolhimentos, atendimentos, orienta\u00e7\u00f5es e encaminhamos para<\/p>\n","protected":false},"author":3,"featured_media":5180,"comment_status":"open","ping_status":"open","sticky":false,"template":"","format":"standard","meta":{"footnotes":""},"categories":[1,4,10],"tags":[],"class_list":["post-5179","post","type-post","status-publish","format-standard","has-post-thumbnail","hentry","category-destaque","category-noticias","category-taboao-da-serra"],"_links":{"self":[{"href":"https:\/\/folhadopirajucara.com.br\/index.php\/wp-json\/wp\/v2\/posts\/5179"}],"collection":[{"href":"https:\/\/folhadopirajucara.com.br\/index.php\/wp-json\/wp\/v2\/posts"}],"about":[{"href":"https:\/\/folhadopirajucara.com.br\/index.php\/wp-json\/wp\/v2\/types\/post"}],"author":[{"embeddable":true,"href":"https:\/\/folhadopirajucara.com.br\/index.php\/wp-json\/wp\/v2\/users\/3"}],"replies":[{"embeddable":true,"href":"https:\/\/folhadopirajucara.com.br\/index.php\/wp-json\/wp\/v2\/comments?post=5179"}],"version-history":[{"count":1,"href":"https:\/\/folhadopirajucara.com.br\/index.php\/wp-json\/wp\/v2\/posts\/5179\/revisions"}],"predecessor-version":[{"id":5181,"href":"https:\/\/folhadopirajucara.com.br\/index.php\/wp-json\/wp\/v2\/posts\/5179\/revisions\/5181"}],"wp:featuredmedia":[{"embeddable":true,"href":"https:\/\/folhadopirajucara.com.br\/index.php\/wp-json\/wp\/v2\/media\/5180"}],"wp:attachment":[{"href":"https:\/\/folhadopirajucara.com.br\/index.php\/wp-json\/wp\/v2\/media?parent=5179"}],"wp:term":[{"taxonomy":"category","embeddable":true,"href":"https:\/\/folhadopirajucara.com.br\/index.php\/wp-json\/wp\/v2\/categories?post=5179"},{"taxonomy":"post_tag","embeddable":true,"href":"https:\/\/folhadopirajucara.com.br\/index.php\/wp-json\/wp\/v2\/tags?post=5179"}],"curies":[{"name":"wp","href":"https:\/\/api.w.org\/{rel}","templated":true}]}}