{"id":5182,"date":"2022-04-16T19:20:49","date_gmt":"2022-04-16T22:20:49","guid":{"rendered":"http:\/\/folhadopirajucara.com.br\/?p=5182"},"modified":"2022-04-21T20:27:23","modified_gmt":"2022-04-21T23:27:23","slug":"vale-a-pena-ver-de-novo","status":"publish","type":"post","link":"https:\/\/folhadopirajucara.com.br\/index.php\/2022\/04\/16\/vale-a-pena-ver-de-novo\/","title":{"rendered":"VALE A PENA VER DE NOVO"},"content":{"rendered":"<blockquote>\n<p style=\"text-align: center;\"><strong><em>Veja abaixo retrospectiva das mat\u00e9rias referentes \u00e0 quest\u00e3o ambiental, publicadas no Folha do Piraju\u00e7ara, entre 2019 e 2022<\/em><\/strong><\/p>\n<\/blockquote>\n<p>&nbsp;<\/p>\n<p>O Folha do Piraju\u00e7ara se consolida como o jornal local que levantou a bandeira da preserva\u00e7\u00e3o ambiental e insistentemente informou a popula\u00e7\u00e3o quanto \u00e0s agress\u00f5es ao meio ambiente na regi\u00e3o, entre 2019 e 2022. Foram quarenta mat\u00e9rias neste per\u00edodo, desde as quest\u00f5es de desmatamentos, falta de fiscaliza\u00e7\u00e3o e omiss\u00e3o dos poderes p\u00fablicos, situa\u00e7\u00e3o dos mananciais, morte de animais silvestres, defesa da causa animal, loteamentos ilegais e queimadas, com destaque para as mat\u00e9rias sobre a Expedi\u00e7\u00e3o ao Rio Embu-Mirim e desmatamentos, que culminaram com os alarmantes n\u00fameros apresentados pelo pelos sat\u00e9lites da plataforma MapBiomas, referentes a 2021.<\/p>\n<p>Sempre com o intuito de informar a leitora e o leitor sobre os acontecimentos, com informa\u00e7\u00f5es e imagens de campo, fontes fidedignas, dados estat\u00edsticos e sobre legisla\u00e7\u00e3o ambiental, com foco em quest\u00f5es locais, abrangendo tamb\u00e9m quest\u00f5es internacionais, como por exemplo a Confer\u00eancia Mundial do Clima &#8211; COP-26, o Folha do Piraju\u00e7ara reitera seu compromisso com a defesa de nossas matas e mananciais, animais silvestres e a pr\u00f3pria vida humana, diante de t\u00e3o grave situa\u00e7\u00e3o nacional e mundial, em meio \u00e0s j\u00e1 anunciadas Mudan\u00e7as Clim\u00e1ticas e Eventos Clim\u00e1ticos Extremos, decorrentes da destrui\u00e7\u00e3o ambiental, que j\u00e1 se fazem sentir por aqui, com chuvas torrenciais, deslizamentos de terra com v\u00edtimas fatais, secas prolongadas e queimadas.<\/p>\n<p>&nbsp;<\/p>\n<p>Por tudo isso, o Folha do Piraju\u00e7ara faz nesta edi\u00e7\u00e3o uma retrospectiva das mat\u00e9rias referentes ao meio ambiente publicadas desde 2019. Vale a pena ver de novo. Veja abaixo os links das principais mat\u00e9rias e boa leitura.<\/p>\n<p>&nbsp;<\/p>\n<p><a href=\"https:\/\/folhadopirajucara.com.br\/index.php\/2022\/04\/02\/desmatamento-deixa-terra-arrasada-em-itapecerica-da-serra\/\">https:\/\/folhadopirajucara.com.br\/index.php\/2022\/04\/02\/desmatamento-deixa-terra-arrasada-em-itapecerica-da-serra\/<\/a><\/p>\n<p><a href=\"https:\/\/folhadopirajucara.com.br\/index.php\/2022\/03\/11\/populacao-se-mobiliza-contra-o-bota-fora-do-jardim-das-palmeiras-em-itapecerica-da-serra\/\">https:\/\/folhadopirajucara.com.br\/index.php\/2022\/03\/11\/populacao-se-mobiliza-contra-o-bota-fora-do-jardim-das-palmeiras-em-itapecerica-da-serra\/<\/a><\/p>\n<p><a href=\"https:\/\/folhadopirajucara.com.br\/index.php\/2022\/02\/19\/renovacao-do-plano-diretor-surpreende-embu-das-artes\/\">https:\/\/folhadopirajucara.com.br\/index.php\/2022\/02\/19\/renovacao-do-plano-diretor-surpreende-embu-das-artes\/<\/a><\/p>\n<p><a href=\"https:\/\/folhadopirajucara.com.br\/index.php\/2021\/11\/16\/retomada-do-bota-fora-do-jardim-das-palmeiras-em-itapecerica\/\">https:\/\/folhadopirajucara.com.br\/index.php\/2021\/11\/16\/retomada-do-bota-fora-do-jardim-das-palmeiras-em-itapecerica\/<\/a><\/p>\n<p><a href=\"https:\/\/folhadopirajucara.com.br\/index.php\/2022\/02\/25\/planejamento-criminosos-contra-o-meio-ambiente-de-itapecerica-da-serra\/\">https:\/\/folhadopirajucara.com.br\/index.php\/2022\/02\/25\/planejamento-criminosos-contra-o-meio-ambiente-de-itapecerica-da-serra\/<\/a><\/p>\n<p><a href=\"https:\/\/folhadopirajucara.com.br\/?s=manac%C3%A1s\">https:\/\/folhadopirajucara.com.br\/?s=manac%C3%A1s<\/a><\/p>\n<p><a href=\"https:\/\/folhadopirajucara.com.br\/index.php\/2022\/02\/20\/a-morte-dos-ipes-rosa-em-itapecerica-da-serra\/\">https:\/\/folhadopirajucara.com.br\/index.php\/2022\/02\/20\/a-morte-dos-ipes-rosa-em-itapecerica-da-serra\/<\/a><\/p>\n<p><a href=\"https:\/\/folhadopirajucara.com.br\/index.php\/2021\/12\/21\/expedicao-ao-embu-mirim-documenta-degradacao-do-manancial-mas-nascente-tem-agua-pura\/\">https:\/\/folhadopirajucara.com.br\/index.php\/2021\/12\/21\/expedicao-ao-embu-mirim-documenta-degradacao-do-manancial-mas-nascente-tem-agua-pura\/<\/a><\/p>\n<p><a href=\"https:\/\/folhadopirajucara.com.br\/index.php\/2021\/12\/10\/loteamentos-clandestinos-crescem-em-area-de-interesse-social-em-itapecerica-da-serra\/\">https:\/\/folhadopirajucara.com.br\/index.php\/2021\/12\/10\/loteamentos-clandestinos-crescem-em-area-de-interesse-social-em-itapecerica-da-serra\/<\/a><\/p>\n<p><a href=\"https:\/\/folhadopirajucara.com.br\/index.php\/2021\/04\/07\/loteamento-clandestino-em-itapecerica-da-serra-na-mira-da-justica\/\">https:\/\/folhadopirajucara.com.br\/index.php\/2021\/04\/07\/loteamento-clandestino-em-itapecerica-da-serra-na-mira-da-justica\/<\/a><\/p>\n<p><a href=\"https:\/\/folhadopirajucara.com.br\/index.php\/2021\/11\/09\/manifesto-dos-ambientalistas-da-regiao-para-a-cop26\/\">https:\/\/folhadopirajucara.com.br\/index.php\/2021\/11\/09\/manifesto-dos-ambientalistas-da-regiao-para-a-cop26\/<\/a><\/p>\n<p><a href=\"https:\/\/folhadopirajucara.com.br\/index.php\/2021\/08\/30\/sos-natureza-fogo-e-desmatamento-na-pior-seca-dos-ultimos-100-anos\/\">https:\/\/folhadopirajucara.com.br\/index.php\/2021\/08\/30\/sos-natureza-fogo-e-desmatamento-na-pior-seca-dos-ultimos-100-anos\/<\/a><\/p>\n<p><a href=\"https:\/\/folhadopirajucara.com.br\/index.php\/2021\/10\/05\/verticalizacao-avanca-em-itapecerica-da-serra-em-meio-a-crise-hidrica\/\">https:\/\/folhadopirajucara.com.br\/index.php\/2021\/10\/05\/verticalizacao-avanca-em-itapecerica-da-serra-em-meio-a-crise-hidrica\/<\/a><\/p>\n<p><a href=\"https:\/\/folhadopirajucara.com.br\/index.php\/2018\/09\/01\/votorantim-quer-expandir-pedreira-em-area-de-mananciais\/\">https:\/\/folhadopirajucara.com.br\/index.php\/2018\/09\/01\/votorantim-quer-expandir-pedreira-em-area-de-mananciais\/<\/a><\/p>\n<p><a href=\"https:\/\/folhadopirajucara.com.br\/index.php\/2021\/02\/12\/sos-natureza-pela-vida-de-nossos-animais-silvestres\/\">https:\/\/folhadopirajucara.com.br\/index.php\/2021\/02\/12\/sos-natureza-pela-vida-de-nossos-animais-silvestres\/<\/a><\/p>\n<p><a href=\"https:\/\/folhadopirajucara.com.br\/index.php\/2021\/06\/14\/fauna-de-itapecerica-so-nos-pontos-de-onibus\/\">https:\/\/folhadopirajucara.com.br\/index.php\/2021\/06\/14\/fauna-de-itapecerica-so-nos-pontos-de-onibus\/<\/a><\/p>\n<p><a href=\"https:\/\/folhadopirajucara.com.br\/index.php\/2021\/07\/17\/animais-silvestres-sao-dizimados-em-itapecerica-da-serra\/\">https:\/\/folhadopirajucara.com.br\/index.php\/2021\/07\/17\/animais-silvestres-sao-dizimados-em-itapecerica-da-serra\/<\/a><\/p>\n<p><a href=\"https:\/\/folhadopirajucara.com.br\/index.php\/2021\/01\/31\/sos-natureza-o-cinturao-verde-pede-socorro\/\">https:\/\/folhadopirajucara.com.br\/index.php\/2021\/01\/31\/sos-natureza-o-cinturao-verde-pede-socorro\/<\/a><\/p>\n<p><a href=\"https:\/\/folhadopirajucara.com.br\/index.php\/2020\/12\/07\/s-o-s-natureza-o-cerne-da-questao-dos-loteamento-ilegais\/\">https:\/\/folhadopirajucara.com.br\/index.php\/2020\/12\/07\/s-o-s-natureza-o-cerne-da-questao-dos-loteamento-ilegais\/<\/a><\/p>\n<p><a href=\"https:\/\/folhadopirajucara.com.br\/index.php\/2021\/04\/29\/sos-natureza-o-bota-fora-volta-a-assombrar-itapecerica-da-serra\/\">https:\/\/folhadopirajucara.com.br\/index.php\/2021\/04\/29\/sos-natureza-o-bota-fora-volta-a-assombrar-itapecerica-da-serra\/<\/a><\/p>\n<p><a href=\"https:\/\/folhadopirajucara.com.br\/index.php\/2020\/09\/03\/prefeitura-de-itapecerica-da-serra-e-intimada-por-juiz-em-caso-de-loteamento-ilegal\/\">https:\/\/folhadopirajucara.com.br\/index.php\/2020\/09\/03\/prefeitura-de-itapecerica-da-serra-e-intimada-por-juiz-em-caso-de-loteamento-ilegal\/<\/a><\/p>\n<p><a href=\"https:\/\/folhadopirajucara.com.br\/index.php\/2021\/07\/21\/justica-intima-prefeito-de-itapecerica-da-serra-em-acao-ambiental\/\">https:\/\/folhadopirajucara.com.br\/index.php\/2021\/07\/21\/justica-intima-prefeito-de-itapecerica-da-serra-em-acao-ambiental\/<\/a><\/p>\n<p><a href=\"https:\/\/folhadopirajucara.com.br\/?s=jequitib%C3%A1\">https:\/\/folhadopirajucara.com.br\/?s=jequitib%C3%A1<\/a><\/p>\n<p><a href=\"https:\/\/folhadopirajucara.com.br\/index.php\/2020\/08\/14\/santuario-ecologico-itapecericano-nas-chamas-da-ganancia-imobiliaria\/\">https:\/\/folhadopirajucara.com.br\/index.php\/2020\/08\/14\/santuario-ecologico-itapecericano-nas-chamas-da-ganancia-imobiliaria\/<\/a><\/p>\n<p><a href=\"https:\/\/folhadopirajucara.com.br\/index.php\/2021\/05\/14\/sos-natureza-pressionada-itapecerica-da-serra-instala-barreiras-fisicas-e-cartazes-com-fita-adesiva-para-impedir-loteamentos\/\">https:\/\/folhadopirajucara.com.br\/index.php\/2021\/05\/14\/sos-natureza-pressionada-itapecerica-da-serra-instala-barreiras-fisicas-e-cartazes-com-fita-adesiva-para-impedir-loteamentos\/<\/a><\/p>\n<p><a href=\"https:\/\/folhadopirajucara.com.br\/index.php\/2021\/11\/22\/ambientalistas-regionais-realizam-expedicao-ao-rio-embu-mirim\/\">https:\/\/folhadopirajucara.com.br\/index.php\/2021\/11\/22\/ambientalistas-regionais-realizam-expedicao-ao-rio-embu-mirim\/<\/a><\/p>\n<p><a href=\"https:\/\/folhadopirajucara.com.br\/index.php\/2021\/08\/17\/populacao-recebe-prefeito-de-itapecerica-e-questiona-sobre-iptu-indevido-loteamentos-ilegais-e-saude\/\">https:\/\/folhadopirajucara.com.br\/index.php\/2021\/08\/17\/populacao-recebe-prefeito-de-itapecerica-e-questiona-sobre-iptu-indevido-loteamentos-ilegais-e-saude\/<\/a><\/p>\n<p><a href=\"https:\/\/folhadopirajucara.com.br\/index.php\/2021\/06\/28\/itapecerica-cobra-iptu-de-moradores-em-area-de-interesse-social\/\">https:\/\/folhadopirajucara.com.br\/index.php\/2021\/06\/28\/itapecerica-cobra-iptu-de-moradores-em-area-de-interesse-social\/<\/a><\/p>\n<p><a href=\"https:\/\/folhadopirajucara.com.br\/index.php\/2021\/06\/17\/visita-surpresa-ao-centro-de-controle-de-zoonoses-de-itapecerica-precariedade-das-instalacoes-e-funcionarios-dedicados\/\">https:\/\/folhadopirajucara.com.br\/index.php\/2021\/06\/17\/visita-surpresa-ao-centro-de-controle-de-zoonoses-de-itapecerica-precariedade-das-instalacoes-e-funcionarios-dedicados\/<\/a><\/p>\n<p><a href=\"https:\/\/folhadopirajucara.com.br\/index.php\/2021\/03\/27\/populacao-pressiona-e-prefeito-de-itapecerica-apresenta-projeto-de-lei-em-favor-da-causa-animal\/\">https:\/\/folhadopirajucara.com.br\/index.php\/2021\/03\/27\/populacao-pressiona-e-prefeito-de-itapecerica-apresenta-projeto-de-lei-em-favor-da-causa-animal\/<\/a><\/p>\n<p><a href=\"https:\/\/folhadopirajucara.com.br\/index.php\/2021\/02\/05\/sos-natureza-como-fazer-uma-denuncia-ambiental\/\">https:\/\/folhadopirajucara.com.br\/index.php\/2021\/02\/05\/sos-natureza-como-fazer-uma-denuncia-ambiental\/<\/a><\/p>\n<p><a href=\"https:\/\/folhadopirajucara.com.br\/index.php\/2021\/09\/18\/sos-natureza-ambientalistas-da-regiao-sudoeste-discutem-emergencia-climatica-com-entidades-internacionais\/\">https:\/\/folhadopirajucara.com.br\/index.php\/2021\/09\/18\/sos-natureza-ambientalistas-da-regiao-sudoeste-discutem-emergencia-climatica-com-entidades-internacionais\/<\/a><\/p>\n<p><a href=\"https:\/\/folhadopirajucara.com.br\/index.php\/2021\/07\/12\/e-hora-de-eco-despertar-o-planeta-pede-socorro\/\">https:\/\/folhadopirajucara.com.br\/index.php\/2021\/07\/12\/e-hora-de-eco-despertar-o-planeta-pede-socorro\/<\/a><\/p>\n<p><a href=\"https:\/\/folhadopirajucara.com.br\/index.php\/2021\/05\/30\/sos-natureza-desmatamentos-crescem-400-em-areas-de-mata-atlantica-no-estado-de-sao-paulo\/\">https:\/\/folhadopirajucara.com.br\/index.php\/2021\/05\/30\/sos-natureza-desmatamentos-crescem-400-em-areas-de-mata-atlantica-no-estado-de-sao-paulo\/<\/a><\/p>\n<p><a href=\"https:\/\/folhadopirajucara.com.br\/index.php\/2021\/04\/01\/sos-natureza-o-rio-itaquaciara-pede-socorro\/\">https:\/\/folhadopirajucara.com.br\/index.php\/2021\/04\/01\/sos-natureza-o-rio-itaquaciara-pede-socorro\/<\/a><\/p>\n<p><a href=\"https:\/\/folhadopirajucara.com.br\/index.php\/2021\/03\/27\/sos-natureza-desmatamentos-quanto-mais-teremos-que-esperar-antes-que-seja-destruido\/\">https:\/\/folhadopirajucara.com.br\/index.php\/2021\/03\/27\/sos-natureza-desmatamentos-quanto-mais-teremos-que-esperar-antes-que-seja-destruido\/<\/a><\/p>\n<p><a href=\"https:\/\/folhadopirajucara.com.br\/index.php\/2021\/02\/25\/sos-natureza-vamos-falar-de-saneamento-basico\/\">https:\/\/folhadopirajucara.com.br\/index.php\/2021\/02\/25\/sos-natureza-vamos-falar-de-saneamento-basico\/<\/a><\/p>\n<p><a href=\"https:\/\/folhadopirajucara.com.br\/index.php\/2021\/12\/28\/reservatorio-alto-cotia-que-abastece-embu-das-artes-e-municipios-vizinhos-opera-com-359-da-sua-capacidade\/\">Reservat\u00f3rio Alto Cotia que abastece Embu das Artes e munic\u00edpios vizinhos opera com 35,9% da sua capacidade \u2013 Folha do Piraju\u00e7ara (folhadopirajucara.com.br)<\/a><\/p>\n<p><a href=\"https:\/\/folhadopirajucara.com.br\/index.php\/2022\/03\/21\/mogli-o-menino-lobo-sera-exibido-gratuitamente-na-praca-central-de-itapecerica-da-serra\/\">https:\/\/folhadopirajucara.com.br\/index.php\/2022\/03\/21\/mogli-o-menino-lobo-sera-exibido-gratuitamente-na-praca-central-de-itapecerica-da-serra\/<\/a><\/p>\n<p><a href=\"https:\/\/folhadopirajucara.com.br\/index.php\/2021\/10\/05\/rios-voadores-da-amazonia\/\">https:\/\/folhadopirajucara.com.br\/index.php\/2021\/10\/05\/rios-voadores-da-amazonia\/<\/a><\/p>\n","protected":false},"excerpt":{"rendered":"<p>Veja abaixo retrospectiva das mat\u00e9rias referentes \u00e0 quest\u00e3o ambiental, publicadas no Folha do Piraju\u00e7ara, entre 2019 e 2022 &nbsp; O<\/p>\n","protected":false},"author":3,"featured_media":5183,"comment_status":"open","ping_status":"open","sticky":false,"template":"","format":"standard","meta":{"footnotes":""},"categories":[1,16,4],"tags":[],"class_list":["post-5182","post","type-post","status-publish","format-standard","has-post-thumbnail","hentry","category-destaque","category-itapecerica-da-serra","category-noticias"],"_links":{"self":[{"href":"https:\/\/folhadopirajucara.com.br\/index.php\/wp-json\/wp\/v2\/posts\/5182"}],"collection":[{"href":"https:\/\/folhadopirajucara.com.br\/index.php\/wp-json\/wp\/v2\/posts"}],"about":[{"href":"https:\/\/folhadopirajucara.com.br\/index.php\/wp-json\/wp\/v2\/types\/post"}],"author":[{"embeddable":true,"href":"https:\/\/folhadopirajucara.com.br\/index.php\/wp-json\/wp\/v2\/users\/3"}],"replies":[{"embeddable":true,"href":"https:\/\/folhadopirajucara.com.br\/index.php\/wp-json\/wp\/v2\/comments?post=5182"}],"version-history":[{"count":1,"href":"https:\/\/folhadopirajucara.com.br\/index.php\/wp-json\/wp\/v2\/posts\/5182\/revisions"}],"predecessor-version":[{"id":5184,"href":"https:\/\/folhadopirajucara.com.br\/index.php\/wp-json\/wp\/v2\/posts\/5182\/revisions\/5184"}],"wp:featuredmedia":[{"embeddable":true,"href":"https:\/\/folhadopirajucara.com.br\/index.php\/wp-json\/wp\/v2\/media\/5183"}],"wp:attachment":[{"href":"https:\/\/folhadopirajucara.com.br\/index.php\/wp-json\/wp\/v2\/media?parent=5182"}],"wp:term":[{"taxonomy":"category","embeddable":true,"href":"https:\/\/folhadopirajucara.com.br\/index.php\/wp-json\/wp\/v2\/categories?post=5182"},{"taxonomy":"post_tag","embeddable":true,"href":"https:\/\/folhadopirajucara.com.br\/index.php\/wp-json\/wp\/v2\/tags?post=5182"}],"curies":[{"name":"wp","href":"https:\/\/api.w.org\/{rel}","templated":true}]}}