{"id":5244,"date":"2022-05-16T13:58:49","date_gmt":"2022-05-16T16:58:49","guid":{"rendered":"http:\/\/folhadopirajucara.com.br\/?p=5244"},"modified":"2022-05-16T13:58:57","modified_gmt":"2022-05-16T16:58:57","slug":"escola-grau-tecnico-taboao-oferece-bolsas-gratuitas-em-projeto-inedito-na-rede","status":"publish","type":"post","link":"https:\/\/folhadopirajucara.com.br\/index.php\/2022\/05\/16\/escola-grau-tecnico-taboao-oferece-bolsas-gratuitas-em-projeto-inedito-na-rede\/","title":{"rendered":"Escola Grau T\u00e9cnico Tabo\u00e3o oferece bolsas gratuitas em projeto in\u00e9dito na rede"},"content":{"rendered":"<p>A rede Grau Educacional estar\u00e1 lan\u00e7ando o projeto Grau Social, com o objetivo de oferecer mais de 1000 bolsas educacionais de qualifica\u00e7\u00e3o t\u00e9cnicas e profissionalizantes gratuitas por todo Brasil.<\/p>\n<p>A mobiliza\u00e7\u00e3o nacional ganhar\u00e1 espa\u00e7o no site oficial: www.grausocial.com.br. No endere\u00e7o eletr\u00f4nico, os interessados poder\u00e3o se inscrever, a partir do dia 16 de maio de 2022, em op\u00e7\u00f5es de cursos t\u00e9cnicos e profissionalizantes de uma das maiores redes de ensino educacional brasileiro.<\/p>\n<figure id=\"attachment_5245\" aria-describedby=\"caption-attachment-5245\" style=\"width: 300px\" class=\"wp-caption alignleft\"><img loading=\"lazy\" decoding=\"async\" class=\"size-medium wp-image-5245\" src=\"https:\/\/folhadopirajucara.com.br\/wp-content\/uploads\/2022\/05\/Alunos-Grau-T\u00e9cnico-ter\u00e3o-bolsas-de-estudo-300x200.jpeg\" alt=\"\" width=\"300\" height=\"200\" srcset=\"https:\/\/folhadopirajucara.com.br\/wp-content\/uploads\/2022\/05\/Alunos-Grau-T\u00e9cnico-ter\u00e3o-bolsas-de-estudo-300x200.jpeg 300w, https:\/\/folhadopirajucara.com.br\/wp-content\/uploads\/2022\/05\/Alunos-Grau-T\u00e9cnico-ter\u00e3o-bolsas-de-estudo-768x512.jpeg 768w, https:\/\/folhadopirajucara.com.br\/wp-content\/uploads\/2022\/05\/Alunos-Grau-T\u00e9cnico-ter\u00e3o-bolsas-de-estudo.jpeg 1024w\" sizes=\"(max-width: 300px) 100vw, 300px\" \/><figcaption id=\"caption-attachment-5245\" class=\"wp-caption-text\">Alunos Grau T\u00e9cnico ter\u00e3o bolsas de estudo<\/figcaption><\/figure>\n<p>O Grupo Grau Educacional oferece mais de 30 cursos t\u00e9cnicos, entre eles Inform\u00e1tica, Seguran\u00e7a do Trabalho, Administra\u00e7\u00e3o, Enfermagem, Eletrot\u00e9cnica, e mais de 40 cursos profissionalizantes, como Balconista de Farm\u00e1cia, Bombeiro Civil, Refrigera\u00e7\u00e3o e Climatiza\u00e7\u00e3o, e Inform\u00e1tica para Adultos. A expectativa \u00e9 que as aulas comecem em julho deste ano, a depender do curso e da forma\u00e7\u00e3o das turmas, de acordo com o n\u00famero de vagas na unidade escolhida pelo candidato.<\/p>\n<p>Para garantir a vaga \u00e9 necess\u00e1rio atender alguns requisitos solicitados dos dois cursos ofertados, como ter entre 18 e 30 anos, estar desempregado, ter disponibilidade para aulas presenciais, e ter cursado o Ensino M\u00e9dio completo.<\/p>\n<p>\u201cUma das nossas grandes premissas \u00e9 incentivar o conhecimento humano e atingir o maior p\u00fablico poss\u00edvel. O Grau Social chega como um sonho realizado. Acreditamos na democratiza\u00e7\u00e3o da educa\u00e7\u00e3o para todos, com uma forma\u00e7\u00e3o de qualidade, principalmente diante do movimento p\u00f3s-pandemia\u201d, celebrou o diretor da rede Grau Educacional, Ruy Porto Carreiro Filho.<\/p>\n<p>Todas as unidades espalhadas pelas cinco regi\u00f5es do Brasil da rede Grau T\u00e9cnico e Grau Profissionalizante est\u00e3o participando do projeto.\u00a0 Os interessados t\u00eam at\u00e9 o dia 31 de maio para se inscrever.<\/p>\n<p>&nbsp;<\/p>\n<p><strong>VEJA SE VOC\u00ca ATENDE AOS REQUISITOS PARA SE INSCREVER<\/strong><\/p>\n<p>&nbsp;<\/p>\n<p>Para bolsas do Grau T\u00e9cnico, voc\u00ea precisa:<\/p>\n<p>&#8211; Ter entre 18 (dezoito) e 30 (trinta) anos completos;<\/p>\n<p>&#8211; Estar desempregado;<\/p>\n<p>&#8211; Ter realizado o Enem pelo menos uma vez nos 3 (tr\u00eas) anos anteriores (2019, 2020 ou 2021), devendo apresentar o resultado obtido no ato de inscri\u00e7\u00e3o, ou apresentar o hist\u00f3rico do Ensino M\u00e9dio;<\/p>\n<p>&#8211; Ter disponibilidade para aulas presenciais e eventuais aulas pr\u00e1ticas, bem como visitas t\u00e9cnicas junto \u00e0s empresas parceiras, quando houver.<\/p>\n<p>&nbsp;<\/p>\n<p>Para bolsas do Grau Profissionalizante, voc\u00ea precisa:<\/p>\n<p>&#8211; Ter entre 18 (dezoito) e 30 (trinta) anos completos;<\/p>\n<p>&#8211; Estar desempregado;<\/p>\n<p>&#8211; Ter realizado o Enem pelo menos uma vez nos 3 (tr\u00eas) anos anteriores (2019, 2020 ou 2021), devendo apresentar o resultado obtido no ato de inscri\u00e7\u00e3o, ou apresentar o hist\u00f3rico do Ensino M\u00e9dio;<\/p>\n<p>&#8211; Ter disponibilidade para aulas presenciais e eventuais aulas pr\u00e1ticas, bem como visitas t\u00e9cnicas junto \u00e0s empresas parceiras, quando houver.<\/p>\n<p>&nbsp;<\/p>\n<p><strong>Semana da Enfermagem em Tabo\u00e3o da Serra<\/strong><\/p>\n<p>Nessa semana, a Unidade Tabo\u00e3o da Serra est\u00e1 celebrando <strong>a Semana da Enfermagem<\/strong>, com atividades diversas, valorizando a profiss\u00e3o e, por meio de palestras e outras atividades, formando seus profissionais para atuarem no mercado de trabalho. \u201cN\u00f3s da unidade Tabo\u00e3o tamb\u00e9m estamos participando das a\u00e7\u00f5es nacionais e queremos ser a maior formadora dos novos profissionais t\u00e9cnicos de nossa regi\u00e3o\u201d, afirma Gleyvson Ferreira, diretor da unidade.<\/p>\n<p>A escola em Tabo\u00e3o, oferece cursos nas \u00e1reas de Enfermagem, Eletrot\u00e9cnica, Administra\u00e7\u00e3o e Radiologia. Est\u00e1 localizada na Av. Caetano Barrela, 89 (Rua do Cart\u00f3rio). O telefone para mais informa\u00e7\u00f5es \u00e9: 11 4786-0096.<\/p>\n<p>&nbsp;<\/p>\n","protected":false},"excerpt":{"rendered":"<p>A rede Grau Educacional estar\u00e1 lan\u00e7ando o projeto Grau Social, com o objetivo de oferecer mais de 1000 bolsas educacionais<\/p>\n","protected":false},"author":2,"featured_media":5246,"comment_status":"open","ping_status":"open","sticky":false,"template":"","format":"standard","meta":{"footnotes":""},"categories":[4,10],"tags":[],"class_list":["post-5244","post","type-post","status-publish","format-standard","has-post-thumbnail","hentry","category-noticias","category-taboao-da-serra"],"_links":{"self":[{"href":"https:\/\/folhadopirajucara.com.br\/index.php\/wp-json\/wp\/v2\/posts\/5244"}],"collection":[{"href":"https:\/\/folhadopirajucara.com.br\/index.php\/wp-json\/wp\/v2\/posts"}],"about":[{"href":"https:\/\/folhadopirajucara.com.br\/index.php\/wp-json\/wp\/v2\/types\/post"}],"author":[{"embeddable":true,"href":"https:\/\/folhadopirajucara.com.br\/index.php\/wp-json\/wp\/v2\/users\/2"}],"replies":[{"embeddable":true,"href":"https:\/\/folhadopirajucara.com.br\/index.php\/wp-json\/wp\/v2\/comments?post=5244"}],"version-history":[{"count":1,"href":"https:\/\/folhadopirajucara.com.br\/index.php\/wp-json\/wp\/v2\/posts\/5244\/revisions"}],"predecessor-version":[{"id":5247,"href":"https:\/\/folhadopirajucara.com.br\/index.php\/wp-json\/wp\/v2\/posts\/5244\/revisions\/5247"}],"wp:featuredmedia":[{"embeddable":true,"href":"https:\/\/folhadopirajucara.com.br\/index.php\/wp-json\/wp\/v2\/media\/5246"}],"wp:attachment":[{"href":"https:\/\/folhadopirajucara.com.br\/index.php\/wp-json\/wp\/v2\/media?parent=5244"}],"wp:term":[{"taxonomy":"category","embeddable":true,"href":"https:\/\/folhadopirajucara.com.br\/index.php\/wp-json\/wp\/v2\/categories?post=5244"},{"taxonomy":"post_tag","embeddable":true,"href":"https:\/\/folhadopirajucara.com.br\/index.php\/wp-json\/wp\/v2\/tags?post=5244"}],"curies":[{"name":"wp","href":"https:\/\/api.w.org\/{rel}","templated":true}]}}