{"id":5289,"date":"2022-06-03T11:16:38","date_gmt":"2022-06-03T14:16:38","guid":{"rendered":"http:\/\/folhadopirajucara.com.br\/?p=5289"},"modified":"2022-06-07T09:57:42","modified_gmt":"2022-06-07T12:57:42","slug":"buscarini-define-essa-semana-posicionamento-nas-eleicoes-2022","status":"publish","type":"post","link":"https:\/\/folhadopirajucara.com.br\/index.php\/2022\/06\/03\/buscarini-define-essa-semana-posicionamento-nas-eleicoes-2022\/","title":{"rendered":"Vice-prefeito Buscarini afirma que n\u00e3o ser\u00e1 candidato a deputado"},"content":{"rendered":"<p><b><i>Apesar do convite feito pelo presidente nacional do PSD, Gilberto Kassab,\u00a0<span class=\"il\">Buscarini<\/span>\u00a0decidiu n\u00e3o ser candidato<\/i><\/b><\/p>\n<p style=\"font-weight: 400;\">O atual vice-prefeito de Tabo\u00e3o da Serra, Jos\u00e9 Vicente\u00a0Buscarini, comunica que: apesar do convite feito oficialmente pelo presidente do seu partido (PSD), Gilberto Kassab, n\u00e3o ser\u00e1 candidato a deputado estadual nas Elei\u00e7\u00f5es 2022.<\/p>\n<p><img loading=\"lazy\" decoding=\"async\" class=\"size-medium wp-image-5314 alignleft\" src=\"https:\/\/folhadopirajucara.com.br\/wp-content\/uploads\/2022\/05\/Gilberto-Kassab-e-Buscarini-225x300.jpeg\" alt=\"\" width=\"225\" height=\"300\" srcset=\"https:\/\/folhadopirajucara.com.br\/wp-content\/uploads\/2022\/05\/Gilberto-Kassab-e-Buscarini-225x300.jpeg 225w, https:\/\/folhadopirajucara.com.br\/wp-content\/uploads\/2022\/05\/Gilberto-Kassab-e-Buscarini-768x1024.jpeg 768w, https:\/\/folhadopirajucara.com.br\/wp-content\/uploads\/2022\/05\/Gilberto-Kassab-e-Buscarini.jpeg 780w\" sizes=\"(max-width: 225px) 100vw, 225px\" \/><\/p>\n<p style=\"font-weight: 400;\">&#8220;Apesar desse convite que tive do Kassab, decidi n\u00e3o participar deste pleito. Nosso grupo dar\u00e1 apoio \u00e0 um candidato a deputado federal do PSD e, para deputado estadual, vamos escolher algu\u00e9m da nossa regi\u00e3o. Em breve, faremos o an\u00fancio oficial deste apoio\u201d, afirma\u00a0Buscarini.<\/p>\n<p style=\"font-weight: 400;\">\u201cFui eleito vice-prefeito da cidade e quero cumprir esse mandato at\u00e9 o fim. Estamos \u00e0 disposi\u00e7\u00e3o da popula\u00e7\u00e3o para os atendimentos, em nosso escrit\u00f3rio\u201d.<\/p>\n<p style=\"font-weight: 400;\">O vice-prefeito est\u00e1 \u00e0 disposi\u00e7\u00e3o da popula\u00e7\u00e3o na Estrada S\u00e3o Francisco, 1820 \u2013 sala 810 \u2013 Tabo\u00e3o da Serra. Telefone para agendamento: 11 4385-5561.<\/p>\n","protected":false},"excerpt":{"rendered":"<p>Apesar do convite feito pelo presidente nacional do PSD, Gilberto Kassab,\u00a0Buscarini\u00a0decidiu n\u00e3o ser candidato O atual vice-prefeito de Tabo\u00e3o da<\/p>\n","protected":false},"author":2,"featured_media":5290,"comment_status":"open","ping_status":"open","sticky":false,"template":"","format":"standard","meta":{"footnotes":""},"categories":[1,27,4,10],"tags":[],"class_list":["post-5289","post","type-post","status-publish","format-standard","has-post-thumbnail","hentry","category-destaque","category-destaque-2","category-noticias","category-taboao-da-serra"],"_links":{"self":[{"href":"https:\/\/folhadopirajucara.com.br\/index.php\/wp-json\/wp\/v2\/posts\/5289"}],"collection":[{"href":"https:\/\/folhadopirajucara.com.br\/index.php\/wp-json\/wp\/v2\/posts"}],"about":[{"href":"https:\/\/folhadopirajucara.com.br\/index.php\/wp-json\/wp\/v2\/types\/post"}],"author":[{"embeddable":true,"href":"https:\/\/folhadopirajucara.com.br\/index.php\/wp-json\/wp\/v2\/users\/2"}],"replies":[{"embeddable":true,"href":"https:\/\/folhadopirajucara.com.br\/index.php\/wp-json\/wp\/v2\/comments?post=5289"}],"version-history":[{"count":3,"href":"https:\/\/folhadopirajucara.com.br\/index.php\/wp-json\/wp\/v2\/posts\/5289\/revisions"}],"predecessor-version":[{"id":5315,"href":"https:\/\/folhadopirajucara.com.br\/index.php\/wp-json\/wp\/v2\/posts\/5289\/revisions\/5315"}],"wp:featuredmedia":[{"embeddable":true,"href":"https:\/\/folhadopirajucara.com.br\/index.php\/wp-json\/wp\/v2\/media\/5290"}],"wp:attachment":[{"href":"https:\/\/folhadopirajucara.com.br\/index.php\/wp-json\/wp\/v2\/media?parent=5289"}],"wp:term":[{"taxonomy":"category","embeddable":true,"href":"https:\/\/folhadopirajucara.com.br\/index.php\/wp-json\/wp\/v2\/categories?post=5289"},{"taxonomy":"post_tag","embeddable":true,"href":"https:\/\/folhadopirajucara.com.br\/index.php\/wp-json\/wp\/v2\/tags?post=5289"}],"curies":[{"name":"wp","href":"https:\/\/api.w.org\/{rel}","templated":true}]}}