{"id":5335,"date":"2022-06-05T17:35:59","date_gmt":"2022-06-05T20:35:59","guid":{"rendered":"http:\/\/folhadopirajucara.com.br\/?p=5335"},"modified":"2022-06-18T17:38:31","modified_gmt":"2022-06-18T20:38:31","slug":"maiores-de-50-anos-ja-podem-receber-a-4a-dose-contra-covid-19-em-taboao-da-serra","status":"publish","type":"post","link":"https:\/\/folhadopirajucara.com.br\/index.php\/2022\/06\/05\/maiores-de-50-anos-ja-podem-receber-a-4a-dose-contra-covid-19-em-taboao-da-serra\/","title":{"rendered":"Maiores de 50 anos j\u00e1 podem receber a 4\u00aa dose contra Covid-19 em Tabo\u00e3o da Serra"},"content":{"rendered":"<div class=\"articleBody\">\n<p class=\"p1\">A Prefeitura de Tabo\u00e3o da Serra iniciou nesta segunda-feira, 06\/06, a aplica\u00e7\u00e3o da 4\u00aa dose contra Covid-19 em mun\u00edcipes com 50 anos ou mais. A vacina\u00e7\u00e3o acontece de segunda a sexta-feira, das 8h \u00e0s 16h, nas 13 Unidades B\u00e1sicas de Sa\u00fade (UBSs). Para receber a dose adicional \u00e9 necess\u00e1rio apresentar documento oficial com foto, cart\u00e3o do SUS e carteiras de vacina\u00e7\u00e3o que comprovem a aplica\u00e7\u00e3o das doses anteriores. Vale ressaltar que o intervalo entre a 3\u00aa e 4\u00aa dose para esse p\u00fablico \u00e9 de quatro (4) meses e os imunizantes que podem ser aplicados s\u00e3o Janssen, Pfizer\/BioNTech e Oxford\/AstraZeneca.<\/p>\n<p class=\"p1\"><span class=\"s2\">Segundo a Coordena\u00e7\u00e3o de Vigil\u00e2ncia Epidemiol\u00f3gica, a estimativa \u00e9 que em Tabo\u00e3o da Serra h\u00e1 31.320 pessoas com idades entre 50 e 59 anos.<\/span><\/p>\n<p class=\"p1\"><span class=\"s2\">Para profissionais da Sa\u00fade, a aplica\u00e7\u00e3o da 4\u00aa dose iniciou em 28\/05, com intervalo de tr\u00eas (3) meses ap\u00f3s a terceira dose. Para receber a dose adicional tamb\u00e9m \u00e9 necess\u00e1rio, al\u00e9m de documento oficial com foto, cart\u00e3o do SUS e carteira de vacina\u00e7\u00e3o, apresentar documento que comprove ser da \u00e1rea, como carteira de entidade de classe (CRM, COREN, CRO, entre outros).<\/span><\/p>\n<p class=\"p1\"><span class=\"s2\">O secret\u00e1rio de Sa\u00fade, Jos\u00e9 Alberto Tarifa, refor\u00e7a que \u201ca vacina\u00e7\u00e3o continua sendo uma das principais armas que temos nessa batalha contra a Covid-19. Felizmente comprovamos a import\u00e2ncia das vacinas para manter essa doen\u00e7a sob controle, evitando agravamentos e at\u00e9 mortes. Por isso, quem estiver dentro do p\u00fablico-alvo, j\u00e1 pode procurar a UBS mais pr\u00f3xima de casa para receber a vacina. Lembrando que o intervalo para maiores de 50 anos \u00e9 de quatro (4) meses entre a 3\u00aa e a 4\u00aa dose e para os profissionais de Sa\u00fade \u00e9 de tr\u00eas (3) meses\u201d.<\/span><\/p>\n<p class=\"p1\"><span class=\"s1\">Vacina J\u00e1<\/span><\/p>\n<p class=\"p1\"><span class=\"s2\">A vacina\u00e7\u00e3o contra Covid-19 segue avan\u00e7ando em Tabo\u00e3o da Serra e at\u00e9 a manh\u00e3 desta segunda-feira, 06\/06, j\u00e1 foram aplicadas 645.750 doses, segundo o Portal Vacina J\u00e1 do Governo Estadual. Desse total 250.111 pessoas iniciaram o esquema vacinal com a primeira dose, dos quais 231.280 j\u00e1 receberam a segunda dose. Al\u00e9m disso j\u00e1 foram aplicadas 156.452 doses adicionais e 7.907 vacinas em dose \u00fanica.<\/span><\/p>\n<p class=\"p1\"><span class=\"s1\">Quem pode ser vacinado contra Covid-19?<\/span><\/p>\n<p class=\"p1\"><span class=\"s2\">\u2022 1\u00aa e 2\u00aa dose \u2013 Maiores de 5 anos a menores de 18 anos; Maiores de 18 anos que ainda n\u00e3o foram vacinados.<\/span><\/p>\n<p class=\"p1\"><span class=\"s2\">\u2022 3\u00aa dose \u2013 Adolescentes de 12 a 17 anos; Maiores de 18 anos.<\/span><\/p>\n<p class=\"p1\"><span class=\"s2\">\u2022 4\u00aa dose \u2013 Maiores de 50 anos (a partir de 06\/06); Profissionais da Sa\u00fade; e Imunodeprimidos (imunodefici\u00eancia primaria grave, quimioterapia para c\u00e2ncer, transplantados de \u00f3rg\u00e3os s\u00f3lidos e c\u00e9lulas tronco em uso de drogas imunossupressoras, pessoas portadoras de HIV\/AIDS, uso de cortic\u00f3ide &gt; ou = 20mg\/dia de prednisona ou equivalente ou =&gt; a 14 dias de uso, uso de drogas modificadoras da resposta imune, doen\u00e7as auto inflamat\u00f3rias, pacientes em hemodi\u00e1lise, pacientes com doen\u00e7as inflamat\u00f3rias cr\u00f4nicas.<\/span><\/p>\n<p class=\"p1\"><span class=\"s1\">Servi\u00e7o:<\/span><\/p>\n<p class=\"p1\"><span class=\"s1\">Vacina\u00e7\u00e3o contra Covid-19<br \/>\nDe segunda a sexta-feira, das 8h \u00e0s 16h<\/span><\/p>\n<p class=\"p1\"><span class=\"s1\">Locais de Vacina\u00e7\u00e3o:<\/span><\/p>\n<p class=\"p1\"><span class=\"s2\">UBS Dra. Maria Jos\u00e9 de Albuquerque &#8211; Rua Jos\u00e9 Mari, 13, Parque Assun\u00e7\u00e3o<\/span><\/p>\n<p class=\"p1\"><span class=\"s2\">UBS Oliveiras\/Marab\u00e1 &#8211; Rua Maria In\u00eas, 34, Jardim das Oliveiras<\/span><\/p>\n<p class=\"p1\"><span class=\"s2\">UBS Jd. Margaridas &#8211; Rua Paulo Augusto de Andrade, n\u00ba 400, Jd. Margaridas<\/span><\/p>\n<p class=\"p1\"><span class=\"s2\">UBS Santo Onofre &#8211; Rua Marechal Artur Costa e Silva, n\u00ba 85, Piraju\u00e7ara<\/span><\/p>\n<p class=\"p1\"><span class=\"s2\">UBS Silvio Sampaio &#8211; Rua Enaura Maria da Concei\u00e7\u00e3o, n\u00ba 276, Jd. Silvio Sampaio<\/span><\/p>\n<p class=\"p1\"><span class=\"s2\">UBS Santa Cec\u00edlia &#8211; Rua Henrique de Moraes Camargo, n\u00ba 143, Jd. Santa Cec\u00edlia<\/span><\/p>\n<p class=\"p1\"><span class=\"s2\">UBS Jd. Suin\u00e1 &#8211; Rua Albano Leite da Fonseca, n\u00ba 111, Jd. Suin\u00e1<\/span><\/p>\n<p class=\"p1\"><span class=\"s2\">UBS Parque Pinheiros &#8211; Av. Laurita Ortega Mari, 2131 \u2013 Parque Pinheiros<\/span><\/p>\n<p class=\"p1\"><span class=\"s2\">UBS Jd. Salete &#8211; Rua Constantino Dias Lopes, n\u00ba 181, Jd. Salete<\/span><\/p>\n<p class=\"p1\"><span class=\"s2\">UBS Record\/Ponte Alta &#8211; R. Imaru\u00ed, 47 \u2013 Jardim Record<\/span><\/p>\n<p class=\"p1\"><span class=\"s2\">UBS Panorama &#8211; Rua Miguel Carlos Silva, 380, Jd. Panorama<\/span><\/p>\n<p class=\"p1\"><span class=\"s2\">UBS Jardim Am\u00e9rica &#8211; Rua Uruguai, n\u00ba 73, Jd. Am\u00e9rica<\/span><\/p>\n<p class=\"p1\"><span class=\"s2\">UBS Clementino &#8211; Rua Tsuruki Tsuno, 104 \u2013 Jd. Clementino<\/span><\/p>\n<p>&nbsp;<\/p>\n<p class=\"p1\"><strong><span class=\"s2\">*por: Vera Sampaio \/\/ *foto Secom\/PMTS<\/span><\/strong><\/p>\n<\/div>\n","protected":false},"excerpt":{"rendered":"<p>A Prefeitura de Tabo\u00e3o da Serra iniciou nesta segunda-feira, 06\/06, a aplica\u00e7\u00e3o da 4\u00aa dose contra Covid-19 em mun\u00edcipes com<\/p>\n","protected":false},"author":3,"featured_media":5336,"comment_status":"open","ping_status":"open","sticky":false,"template":"","format":"standard","meta":{"footnotes":""},"categories":[1,4,10],"tags":[],"class_list":["post-5335","post","type-post","status-publish","format-standard","has-post-thumbnail","hentry","category-destaque","category-noticias","category-taboao-da-serra"],"_links":{"self":[{"href":"https:\/\/folhadopirajucara.com.br\/index.php\/wp-json\/wp\/v2\/posts\/5335"}],"collection":[{"href":"https:\/\/folhadopirajucara.com.br\/index.php\/wp-json\/wp\/v2\/posts"}],"about":[{"href":"https:\/\/folhadopirajucara.com.br\/index.php\/wp-json\/wp\/v2\/types\/post"}],"author":[{"embeddable":true,"href":"https:\/\/folhadopirajucara.com.br\/index.php\/wp-json\/wp\/v2\/users\/3"}],"replies":[{"embeddable":true,"href":"https:\/\/folhadopirajucara.com.br\/index.php\/wp-json\/wp\/v2\/comments?post=5335"}],"version-history":[{"count":1,"href":"https:\/\/folhadopirajucara.com.br\/index.php\/wp-json\/wp\/v2\/posts\/5335\/revisions"}],"predecessor-version":[{"id":5337,"href":"https:\/\/folhadopirajucara.com.br\/index.php\/wp-json\/wp\/v2\/posts\/5335\/revisions\/5337"}],"wp:featuredmedia":[{"embeddable":true,"href":"https:\/\/folhadopirajucara.com.br\/index.php\/wp-json\/wp\/v2\/media\/5336"}],"wp:attachment":[{"href":"https:\/\/folhadopirajucara.com.br\/index.php\/wp-json\/wp\/v2\/media?parent=5335"}],"wp:term":[{"taxonomy":"category","embeddable":true,"href":"https:\/\/folhadopirajucara.com.br\/index.php\/wp-json\/wp\/v2\/categories?post=5335"},{"taxonomy":"post_tag","embeddable":true,"href":"https:\/\/folhadopirajucara.com.br\/index.php\/wp-json\/wp\/v2\/tags?post=5335"}],"curies":[{"name":"wp","href":"https:\/\/api.w.org\/{rel}","templated":true}]}}