{"id":5438,"date":"2022-07-21T22:43:57","date_gmt":"2022-07-22T01:43:57","guid":{"rendered":"http:\/\/folhadopirajucara.com.br\/?p=5438"},"modified":"2022-07-21T22:43:57","modified_gmt":"2022-07-22T01:43:57","slug":"itapecerica-da-serra-fecha-o-circulo-da-devastacao-ambiental","status":"publish","type":"post","link":"https:\/\/folhadopirajucara.com.br\/index.php\/2022\/07\/21\/itapecerica-da-serra-fecha-o-circulo-da-devastacao-ambiental\/","title":{"rendered":"Itapecerica da Serra fecha o c\u00edrculo da devasta\u00e7\u00e3o ambiental"},"content":{"rendered":"<blockquote>\n<p style=\"text-align: center;\"><strong><em>SPTV fala sobre desmatamento com dados j\u00e1 divulgados pelo Folha do Piraju\u00e7ara<\/em><\/strong><\/p>\n<\/blockquote>\n<p>&nbsp;<\/p>\n<figure id=\"attachment_5439\" aria-describedby=\"caption-attachment-5439\" style=\"width: 386px\" class=\"wp-caption alignleft\"><img loading=\"lazy\" decoding=\"async\" class=\"wp-image-5439\" src=\"https:\/\/folhadopirajucara.com.br\/wp-content\/uploads\/2022\/07\/Macaco-Prego-em-corredor-Ecologico-de-Itapecerica-da-Serra.jpeg\" alt=\"\" width=\"386\" height=\"574\" srcset=\"https:\/\/folhadopirajucara.com.br\/wp-content\/uploads\/2022\/07\/Macaco-Prego-em-corredor-Ecologico-de-Itapecerica-da-Serra.jpeg 613w, https:\/\/folhadopirajucara.com.br\/wp-content\/uploads\/2022\/07\/Macaco-Prego-em-corredor-Ecologico-de-Itapecerica-da-Serra-202x300.jpeg 202w\" sizes=\"(max-width: 386px) 100vw, 386px\" \/><figcaption id=\"caption-attachment-5439\" class=\"wp-caption-text\">Macaco-Prego em corredor Ecologico de Itapecerica da Serra<\/figcaption><\/figure>\n<p>Nesta quarta-feira dia 20 de julho de 2022 o SPTV da Rede Globo deu uma not\u00edcia j\u00e1 publicada h\u00e1 tr\u00eas meses aqui no Folha do Piraju\u00e7ara, em abril deste ano: Itapecerica da Serra bate recorde de desmatamento na Regi\u00e3o Metropolitana de S\u00e3o Paulo. A grande imprensa mostra os dados de levantamento de sat\u00e9lites da plataforma MapBiomas, os mesmos que foram utilizados na mat\u00e9ria publicada aqui, referentes ao ano de 2021. Apesar da grande repercuss\u00e3o da mat\u00e9ria da Globo, ainda falta informar muito aos mun\u00edcipes de Itapecerica da Serra.<\/p>\n<p>Em nota, o Prefeito de Itapecerica, Francisco Tadao Nakano, diz ao SPTV que \u201ctem poucos recursos para fazer frente \u00e0 crescente press\u00e3o de empreendimentos imobili\u00e1rios irregulares\u201d, o que \u00e9 uma inverdade. O que o prefeito n\u00e3o diz \u00e9 que a prefeitura de Itapecerica da Serra, assim como ocorre em Embu das Artes e Cotia, tem autorizado supress\u00e3o de vegeta\u00e7\u00e3o, grandes desmatamentos e movimenta\u00e7\u00f5es de terra ilegalmente, com a assinatura de t\u00e9cnicos do munic\u00edpio e do Secret\u00e1rio de Planejamento e Meio Ambiente L\u00e9o Novais. Dentre aterros e desmatamento de florestas existem dois exemplos gritantes.<\/p>\n<p>&nbsp;<\/p>\n<p style=\"text-align: center;\"><strong>Aterro ilegal de lago e morte de Iraras<\/strong><\/p>\n<p>&nbsp;<\/p>\n<p>O primeiro deles \u00e9 o caso da Rua Ponte Alta, local de espraiamento de mananciais, onde numa manh\u00e3 foram instaladas v\u00e1rias bombas de suc\u00e7\u00e3o para drenar um imenso lago, alimentado por um contribuinte do Rio Embu-Mirim. Militantes da Ong Preservar Itapecerica informaram que a drenagem, \u00e0 medida que escoava as \u00e1guas, deixavam \u00e0 mostra os in\u00fameros peixes existentes no local, que morriam na lama, mas o relato mais dram\u00e1tico foi que no local existia um grupo de Iraras, um mam\u00edfero semelhante \u00e0 lontra, raro na Mata Atl\u00e2ntica, que foram sumariamente assassinados pelos respons\u00e1veis da a\u00e7\u00e3o. O local \u00e9 passagem de fauna, e s\u00e3o avistadas capivaras e in\u00fameros outros mam\u00edferos e aves que procuravam o lago para alimento e abrigo. A Guarda Civil de Itapecerica foi chamada, mas recuou: em m\u00e3os dos respons\u00e1veis pela agress\u00e3o uma autoriza\u00e7\u00e3o da Secretaria de Planejamento e Meio Ambiente municipal para aterro no local, assinada por L\u00e9o Novais. A autoriza\u00e7\u00e3o \u00e9 totalmente ilegal, pois para um caso como esse, que envolve mananciais, somente a Cetesb poderia autorizar, levando-se em conta todas as restri\u00e7\u00f5es legais para um aterro destas propor\u00e7\u00f5es. A resposta da Secretaria foi que a princ\u00edpio seria uma opera\u00e7\u00e3o para \u201cdespoluir a lagoa\u201d, um absurdo total, pois se estivesse polu\u00edda n\u00e3o abrigaria a grande quantidade de peixes que morreram, assim como os animais silvestres, e para despoluir, h\u00e1 que drenar e matar? Em poucos dias o aterro seguiu e o verdadeiro empreendimento aparece: um estacionamento de caminh\u00f5es. Toda a cidade de Itapecerica est\u00e1 com essas autoriza\u00e7\u00f5es totalmente ilegais, para aterros de corpos d\u2019\u00e1gua e constru\u00e7\u00e3o de galp\u00f5es e empreendimentos comerciais de grande porte. Toda essa devasta\u00e7\u00e3o no local vai, com certeza, aumentar os n\u00edveis de inunda\u00e7\u00f5es na BR116 no entorno al\u00e9m das perdas irrevers\u00edveis da fauna local.<\/p>\n<p>&nbsp;<\/p>\n<p style=\"text-align: center;\"><strong>Autoriza\u00e7\u00e3o ilegal da Prefeitura desmata Floresta em \u00e1rea do INCRA<\/strong><\/p>\n<p>&nbsp;<\/p>\n<p>As autoriza\u00e7\u00f5es ilegais seguem por toda cidade. No bairro do Potuver\u00e1 um desmatamento gigante foi barrado pela Pol\u00edcia Militar Ambiental, em \u00e1rea de Reserva Florestal da cidade. O local tem Mata Atl\u00e2ntica preservada e \u00e1rvores nativas que os t\u00e9cnicos chamam de est\u00e1gio avan\u00e7ado de regenera\u00e7\u00e3o, repleto de mananciais e animais silvestres como Anta, Bicho-Pregui\u00e7a e Macaco-Prego, que usam essa \u00e1rea de passagem, pois o local est\u00e1 pr\u00f3ximo \u00e0 Reserva Morro Grande de Cotia. Esses s\u00e3o animais rar\u00edssimos na Mata Atl\u00e2ntica. A incid\u00eancia de Anta em Itapecerica da Serra \u00e9 de grande relev\u00e2ncia, pois, segundo estudo divulgado em janeiro deste ano, na revista\u00a0<em>Neotropical Biology and Conservation<\/em> o animal est\u00e1 com s\u00e9rio risco de extin\u00e7\u00e3o na Mata Atl\u00e2ntica, pela ca\u00e7a e principalmente por ter seus corredores ecol\u00f3gicos interrompidos por rodovias e por isso, dificultar o encontro entre os indiv\u00edduos para a procria\u00e7\u00e3o. Al\u00e9m disso, a Anta tem um per\u00edodo de gesta\u00e7\u00e3o lento, entre 13 e 14 meses e tem apenas um filhote. O desmatamento seguiu por quatro dias, at\u00e9 que a Pol\u00edcia Militar Ambiental foi ao local, constatou a ilegalidade e embargou a \u00e1rea. Para esse caso tamb\u00e9m, uma autoriza\u00e7\u00e3o assinada pelo Secret\u00e1rio L\u00e9o Novais, para desmatamento, mas com um importante detalhe: a supress\u00e3o da mata seria para a constru\u00e7\u00e3o de um empreendimento que movimentaria terra para o Bota-Fora do Jardim das Palmeiras, que est\u00e1 <strong><em>sub judice<\/em><\/strong><em>, ou seja, <\/em>ainda ser\u00e1 analisado pelo juiz respons\u00e1vel pelo caso, em A\u00e7\u00e3o Judicial apresentada pela sociedade civil. No momento, segundo informa\u00e7\u00f5es da Ouvidoria da pr\u00f3pria Cetesb, a licenciadora do \u201cempreendimento\u201d, as interven\u00e7\u00f5es deveriam estar totalmente paradas. O montante seria de 299.500 m\u00b3 de terra, 10% de todo o total pretendido no local. Mas as irregularidades n\u00e3o param por a\u00ed. O terreno desta opera\u00e7\u00e3o \u00e9 simplesmente \u00e1rea do INCRA &#8211; <em>Instituto Nacional de Coloniza\u00e7\u00e3o e Reforma Agr\u00e1ria<\/em>, ou seja, uma \u00e1rea P\u00fablica Federal, um bem p\u00fablico, que somente poderia ser disponibilizado para assentamentos da Reforma Agr\u00e1ria e que est\u00e1 sendo grilada, invadida e desmatada, pondo em risco nossas matas, mananciais e animais silvestres.<\/p>\n<p>Fecha-se assim o c\u00edrculo da devasta\u00e7\u00e3o. O prefeito Francisco Tadao Nakano falta com a verdade quando diz que n\u00e3o tem recursos para enfrentar os desmatamentos, pois, n\u00e3o faz a fiscaliza\u00e7\u00e3o municipal minimamente, n\u00e3o exige que o Governo Estadual intensifique as fiscaliza\u00e7\u00f5es e cumpra as leis e d\u00e1 aval para seu secret\u00e1rio cometer s\u00e9rias irregularidades, como as descritas acima. A cidade est\u00e1 \u00e0 deriva, sitiada e devastada com o aval do Prefeito e de sua base pol\u00edtica.<\/p>\n<p>No mesmo m\u00eas de abril de 2022, quando da divulga\u00e7\u00e3o dos dados levantados pelo MapBiomas, que coloca Itapecerica como a primeira colocada em desmatamento, diante de in\u00fameras den\u00fancias de desmatamento recebidas, e tendo em vista que o munic\u00edpio nada fez ou faz para coibir os desmatamentos, ou se faz, sua a\u00e7\u00e3o \u00e9 ineficiente, com base nos instrumentos da Pol\u00edtica Nacional do Meio Ambiente, em sua fun\u00e7\u00e3o de responsabilidades por atos decorrentes de seu poder de pol\u00edcia, a Associa\u00e7\u00e3o de Defesa do Meio Ambiente Preservar Itapecerica ajuizou A\u00e7\u00e3o Civil, com o objetivo de que, com for\u00e7a no poder de pol\u00edcia, usando qualquer meio dentro dos limites, fazer cessar as degrada\u00e7\u00f5es bem como restaurar e\/ou indenizar pelos preju\u00edzos ambientais causados.<\/p>\n<p>&nbsp;<\/p>\n<p>*por: Adriana Abelh\u00e3o<\/p>\n","protected":false},"excerpt":{"rendered":"<p>SPTV fala sobre desmatamento com dados j\u00e1 divulgados pelo Folha do Piraju\u00e7ara &nbsp; Nesta quarta-feira dia 20 de julho de<\/p>\n","protected":false},"author":3,"featured_media":5440,"comment_status":"open","ping_status":"open","sticky":false,"template":"","format":"standard","meta":{"footnotes":""},"categories":[1,16,4],"tags":[],"class_list":["post-5438","post","type-post","status-publish","format-standard","has-post-thumbnail","hentry","category-destaque","category-itapecerica-da-serra","category-noticias"],"_links":{"self":[{"href":"https:\/\/folhadopirajucara.com.br\/index.php\/wp-json\/wp\/v2\/posts\/5438"}],"collection":[{"href":"https:\/\/folhadopirajucara.com.br\/index.php\/wp-json\/wp\/v2\/posts"}],"about":[{"href":"https:\/\/folhadopirajucara.com.br\/index.php\/wp-json\/wp\/v2\/types\/post"}],"author":[{"embeddable":true,"href":"https:\/\/folhadopirajucara.com.br\/index.php\/wp-json\/wp\/v2\/users\/3"}],"replies":[{"embeddable":true,"href":"https:\/\/folhadopirajucara.com.br\/index.php\/wp-json\/wp\/v2\/comments?post=5438"}],"version-history":[{"count":1,"href":"https:\/\/folhadopirajucara.com.br\/index.php\/wp-json\/wp\/v2\/posts\/5438\/revisions"}],"predecessor-version":[{"id":5441,"href":"https:\/\/folhadopirajucara.com.br\/index.php\/wp-json\/wp\/v2\/posts\/5438\/revisions\/5441"}],"wp:featuredmedia":[{"embeddable":true,"href":"https:\/\/folhadopirajucara.com.br\/index.php\/wp-json\/wp\/v2\/media\/5440"}],"wp:attachment":[{"href":"https:\/\/folhadopirajucara.com.br\/index.php\/wp-json\/wp\/v2\/media?parent=5438"}],"wp:term":[{"taxonomy":"category","embeddable":true,"href":"https:\/\/folhadopirajucara.com.br\/index.php\/wp-json\/wp\/v2\/categories?post=5438"},{"taxonomy":"post_tag","embeddable":true,"href":"https:\/\/folhadopirajucara.com.br\/index.php\/wp-json\/wp\/v2\/tags?post=5438"}],"curies":[{"name":"wp","href":"https:\/\/api.w.org\/{rel}","templated":true}]}}