{"id":5531,"date":"2022-08-23T19:50:12","date_gmt":"2022-08-23T22:50:12","guid":{"rendered":"http:\/\/folhadopirajucara.com.br\/?p=5531"},"modified":"2022-08-30T19:51:08","modified_gmt":"2022-08-30T22:51:08","slug":"remedio-em-casa-da-prefeitura-de-taboao-da-serra-ja-beneficia-mais-de-2-mil-pacientes","status":"publish","type":"post","link":"https:\/\/folhadopirajucara.com.br\/index.php\/2022\/08\/23\/remedio-em-casa-da-prefeitura-de-taboao-da-serra-ja-beneficia-mais-de-2-mil-pacientes\/","title":{"rendered":"\u201cRem\u00e9dio em Casa\u201d da Prefeitura de Tabo\u00e3o da Serra j\u00e1 beneficia mais de 2 mil pacientes"},"content":{"rendered":"<blockquote>\n<p style=\"text-align: center;\"><strong><em>Programa Municipal realiza entrega de medicamentos de Sa\u00fade Mental na resid\u00eancia dos mun\u00edcipes<\/em><\/strong><\/p>\n<\/blockquote>\n<p>&nbsp;<\/p>\n<p>Mais um dos planos de governo do prefeito Apr\u00edgio j\u00e1 saiu do papel. \u00c9 o programa Rem\u00e9dio em Casa, que realiza a entrega de medicamentos na resid\u00eancia dos pacientes. Nesta etapa, o programa est\u00e1 voltado \u00e0 distribui\u00e7\u00e3o de rem\u00e9dios de Sa\u00fade Mental e abrange as 13 Unidades B\u00e1sicas de Sa\u00fade (UBSs). Mais de 2 mil pacientes j\u00e1 est\u00e3o sendo beneficiados.<\/p>\n<p>&nbsp;<\/p>\n<p>\u201cNosso Governo tem como miss\u00e3o facilitar a vida dos taboanenses e o programa Rem\u00e9dio em Casa foi criado para isso. Atrav\u00e9s dele, estamos garantindo a continuidade dos tratamentos, o acesso aos rem\u00e9dios e ainda evitando que os pacientes tenham que se deslocar at\u00e9 a unidade de sa\u00fade para retirar algumas medica\u00e7\u00f5es. Esse \u00e9 um grande avan\u00e7o para a Sa\u00fade do nosso munic\u00edpio e pretendemos ampliar ainda mais os trabalhos\u201d, afirma o prefeito Apr\u00edgio.<\/p>\n<p>&nbsp;<\/p>\n<p>O Rem\u00e9dio em Casa iniciou na primeira semana de mar\u00e7o deste ano, como um projeto piloto na UBS Salete. Duas semanas depois foi estendido para as UBSs Santa Cec\u00edlia e Jardim Am\u00e9rica. Na sequencia, foi a vez das UBS Sc\u00e2ndia\/Panorama e Santo Onofre serem contempladas. Posteriormente mais unidades foram beneficiadas e em maio as UBSs Clementino, Record\/Ponte Alta, Silvio Sampaio, Parque Pinheiros e Suin\u00e1 j\u00e1 realizavam o programa.<\/p>\n<p>&nbsp;<\/p>\n<p>As UBSs Jardim das Margaridas, Oliveiras\/Marab\u00e1 e Dra. Maria Jos\u00e9 de Albuquerque passaram a contempladas pelo Rem\u00e9dio em Casa este m\u00eas.<\/p>\n<p>&nbsp;<\/p>\n<p>O secret\u00e1rio de Sa\u00fade, Jos\u00e9 Alberto Tarifa explica como se deu a escolha do grupo de pacientes. \u201cDurante a pandemia, v\u00e1rios pacientes, principalmente os que utilizam medicamentos psicot\u00f3pricos, de Sa\u00fade Mental, abandonaram os tratamentos. Como forma de retomar esses tratamentos, escolhemos esse grupo para dar in\u00edcio ao programa. Hoje contamos com 10 motoboys que realizam a entrega dos rem\u00e9dios na resid\u00eancia dos pacientes e, em m\u00e9dia, s\u00e3o feitas 100 entregas por dia\u201d, declara.<\/p>\n<p>&nbsp;<\/p>\n<p>Para garantir o retorno dos pacientes de Sa\u00fade Mental, nas unidades em que h\u00e1 o Programa Sa\u00fade da Fam\u00edlia (PSF), a Secretaria Municipal de Sa\u00fade (SMS) fez um levantamento e as agentes comunit\u00e1rias de sa\u00fade realizaram a busca ativa daqueles que abandonaram o tratamento durante a pandemia. Segundo a pasta a ades\u00e3o aos tratamentos melhorou de forma significativa.<\/p>\n<p>&nbsp;<\/p>\n<p>Agnaldo Santos Souza, coordenador de Assist\u00eancia Farmac\u00eautica da Prefeitura, explica como o programa funciona. \u201cA ades\u00e3o ao Rem\u00e9dio em Casa n\u00e3o \u00e9 obrigat\u00f3ria. Ent\u00e3o, o paciente tanto pode procurar a UBS de refer\u00eancia para saber mais informa\u00e7\u00f5es, como tamb\u00e9m na consulta o m\u00e9dico orienta sobre o servi\u00e7o e direciona o paciente para a farm\u00e1cia da unidade. Antes de aderir ao programa, \u00e9 necess\u00e1rio assinar um termo de aceita\u00e7\u00e3o com as orienta\u00e7\u00f5es. Ap\u00f3s a ades\u00e3o ao programa, os medicamentos s\u00e3o entregues na resid\u00eancia do paciente em at\u00e9 24h\u201d, comenta.<\/p>\n<p>&nbsp;<\/p>\n<p><strong>AMPLIA\u00c7\u00c3O<\/strong><\/p>\n<p>A Secretaria de Sa\u00fade pretende ampliar o programa com a entrega do kit diabetes (lancetas, tiras reagentes, seringas, entre outros) em domic\u00edlio . O objetivo \u00e9 beneficiar os pacientes, principalmente os que s\u00e3o idosos, t\u00eam dificuldade de locomo\u00e7\u00e3o ou que n\u00e3o conseguem retirar os insumos no hor\u00e1rio agendado pela unidade.<\/p>\n<p>&nbsp;<\/p>\n<p>*por: Vera Sampaio (PMTS)<\/p>\n","protected":false},"excerpt":{"rendered":"<p>Programa Municipal realiza entrega de medicamentos de Sa\u00fade Mental na resid\u00eancia dos mun\u00edcipes &nbsp; Mais um dos planos de governo<\/p>\n","protected":false},"author":3,"featured_media":5532,"comment_status":"open","ping_status":"open","sticky":false,"template":"","format":"standard","meta":{"footnotes":""},"categories":[1,4,10],"tags":[],"class_list":["post-5531","post","type-post","status-publish","format-standard","has-post-thumbnail","hentry","category-destaque","category-noticias","category-taboao-da-serra"],"_links":{"self":[{"href":"https:\/\/folhadopirajucara.com.br\/index.php\/wp-json\/wp\/v2\/posts\/5531"}],"collection":[{"href":"https:\/\/folhadopirajucara.com.br\/index.php\/wp-json\/wp\/v2\/posts"}],"about":[{"href":"https:\/\/folhadopirajucara.com.br\/index.php\/wp-json\/wp\/v2\/types\/post"}],"author":[{"embeddable":true,"href":"https:\/\/folhadopirajucara.com.br\/index.php\/wp-json\/wp\/v2\/users\/3"}],"replies":[{"embeddable":true,"href":"https:\/\/folhadopirajucara.com.br\/index.php\/wp-json\/wp\/v2\/comments?post=5531"}],"version-history":[{"count":1,"href":"https:\/\/folhadopirajucara.com.br\/index.php\/wp-json\/wp\/v2\/posts\/5531\/revisions"}],"predecessor-version":[{"id":5533,"href":"https:\/\/folhadopirajucara.com.br\/index.php\/wp-json\/wp\/v2\/posts\/5531\/revisions\/5533"}],"wp:featuredmedia":[{"embeddable":true,"href":"https:\/\/folhadopirajucara.com.br\/index.php\/wp-json\/wp\/v2\/media\/5532"}],"wp:attachment":[{"href":"https:\/\/folhadopirajucara.com.br\/index.php\/wp-json\/wp\/v2\/media?parent=5531"}],"wp:term":[{"taxonomy":"category","embeddable":true,"href":"https:\/\/folhadopirajucara.com.br\/index.php\/wp-json\/wp\/v2\/categories?post=5531"},{"taxonomy":"post_tag","embeddable":true,"href":"https:\/\/folhadopirajucara.com.br\/index.php\/wp-json\/wp\/v2\/tags?post=5531"}],"curies":[{"name":"wp","href":"https:\/\/api.w.org\/{rel}","templated":true}]}}