{"id":5534,"date":"2022-08-22T19:52:20","date_gmt":"2022-08-22T22:52:20","guid":{"rendered":"http:\/\/folhadopirajucara.com.br\/?p=5534"},"modified":"2022-08-30T19:53:18","modified_gmt":"2022-08-30T22:53:18","slug":"embu-das-artes-anuncia-40-vagas-ofertadas-pela-fabrica-de-empregos-2","status":"publish","type":"post","link":"https:\/\/folhadopirajucara.com.br\/index.php\/2022\/08\/22\/embu-das-artes-anuncia-40-vagas-ofertadas-pela-fabrica-de-empregos-2\/","title":{"rendered":"Embu das Artes anuncia 40 vagas ofertadas pela F\u00e1brica de Empregos"},"content":{"rendered":"<p>Nesta segunda-feira, 22 de agosto a F\u00e1brica de Empregos da Prefeitura de Embu das Artes divulgou 46 vagas de emprego em empresas da cidade e regi\u00e3o. O trabalho de capta\u00e7\u00e3o de vagas \u00e9 feito pelo Programa F\u00e1brica de Empregos.<\/p>\n<p>Confira tudo o que fazer caso tenha interesse em alguma das vagas abaixo.<\/p>\n<p>Entre as vagas dispon\u00edveis est\u00e3o ajudante de motorista, vendedor, assistente de log\u00edstica, auxiliar de limpeza, auxiliar de marceneiro, marceneiro, ajudante de mec\u00e2nico, costureira, cozinheira, eletricista, instrutor de auto escola, auxiliar cont\u00e1bil, estagi\u00e1rio, motorista e etc.<\/p>\n<div class=\"google-auto-placed ap_container\">\n<p>Caso a pessoa seja selecionada para a entrevista \u00e9 imprescind\u00edvel comparecer no hor\u00e1rio e dia marcados, al\u00e9m de levar os documentos exigidos.<\/p>\n<\/div>\n<p>*fonte: Jornal na Net<\/p>\n","protected":false},"excerpt":{"rendered":"<p>Nesta segunda-feira, 22 de agosto a F\u00e1brica de Empregos da Prefeitura de Embu das Artes divulgou 46 vagas de emprego<\/p>\n","protected":false},"author":3,"featured_media":5448,"comment_status":"open","ping_status":"open","sticky":false,"template":"","format":"standard","meta":{"footnotes":""},"categories":[1,15,4],"tags":[],"class_list":["post-5534","post","type-post","status-publish","format-standard","has-post-thumbnail","hentry","category-destaque","category-embu-das-artes","category-noticias"],"_links":{"self":[{"href":"https:\/\/folhadopirajucara.com.br\/index.php\/wp-json\/wp\/v2\/posts\/5534"}],"collection":[{"href":"https:\/\/folhadopirajucara.com.br\/index.php\/wp-json\/wp\/v2\/posts"}],"about":[{"href":"https:\/\/folhadopirajucara.com.br\/index.php\/wp-json\/wp\/v2\/types\/post"}],"author":[{"embeddable":true,"href":"https:\/\/folhadopirajucara.com.br\/index.php\/wp-json\/wp\/v2\/users\/3"}],"replies":[{"embeddable":true,"href":"https:\/\/folhadopirajucara.com.br\/index.php\/wp-json\/wp\/v2\/comments?post=5534"}],"version-history":[{"count":1,"href":"https:\/\/folhadopirajucara.com.br\/index.php\/wp-json\/wp\/v2\/posts\/5534\/revisions"}],"predecessor-version":[{"id":5535,"href":"https:\/\/folhadopirajucara.com.br\/index.php\/wp-json\/wp\/v2\/posts\/5534\/revisions\/5535"}],"wp:featuredmedia":[{"embeddable":true,"href":"https:\/\/folhadopirajucara.com.br\/index.php\/wp-json\/wp\/v2\/media\/5448"}],"wp:attachment":[{"href":"https:\/\/folhadopirajucara.com.br\/index.php\/wp-json\/wp\/v2\/media?parent=5534"}],"wp:term":[{"taxonomy":"category","embeddable":true,"href":"https:\/\/folhadopirajucara.com.br\/index.php\/wp-json\/wp\/v2\/categories?post=5534"},{"taxonomy":"post_tag","embeddable":true,"href":"https:\/\/folhadopirajucara.com.br\/index.php\/wp-json\/wp\/v2\/tags?post=5534"}],"curies":[{"name":"wp","href":"https:\/\/api.w.org\/{rel}","templated":true}]}}