{"id":5643,"date":"2022-10-08T14:01:21","date_gmt":"2022-10-08T17:01:21","guid":{"rendered":"http:\/\/folhadopirajucara.com.br\/?p=5643"},"modified":"2022-10-17T14:04:37","modified_gmt":"2022-10-17T17:04:37","slug":"vereador-marcos-paulo-solicita-campanha-de-combate-ao-abandono-de-animais-em-taboao-da-serra","status":"publish","type":"post","link":"https:\/\/folhadopirajucara.com.br\/index.php\/2022\/10\/08\/vereador-marcos-paulo-solicita-campanha-de-combate-ao-abandono-de-animais-em-taboao-da-serra\/","title":{"rendered":"Vereador Marcos Paulo solicita campanha de combate ao abandono de animais em Tabo\u00e3o da Serra"},"content":{"rendered":"<blockquote>\n<h3 class=\"news-secondary\" style=\"text-align: center;\"><strong>Campanha alerta a popula\u00e7\u00e3o de Tabo\u00e3o da Serra que largar c\u00e3es e gatos em vias p\u00fablicas \u00e9 caracterizado crime previsto em lei<\/strong><\/h3>\n<\/blockquote>\n<div class=\"news-photo\"><\/div>\n<div><\/div>\n<div>\n<p>Um Projeto de Lei de autoria do vereador de Tabo\u00e3o da Serra, Marcos Paulo, solicita ao Poder Executivo instituir a campanha, \u201cDezembro Verde\u201d, no calend\u00e1rio oficial de eventos da cidade.<\/p>\n<p>A campanha de combate ao abandono de animais ser\u00e1 para alertar a popula\u00e7\u00e3o que a posse de c\u00e3es e gatos \u00e9 de responsabilidade dos propriet\u00e1rios, conscientizando que larga-los em vias p\u00fablicas \u00e9 caracterizado crime previsto em lei. \u201cO abandono \u00e9 crime e o respons\u00e1vel por esse ato tem que ser punido. A ado\u00e7\u00e3o de c\u00e3o e gato ou qualquer que seja o animal deve ser feito com responsabilidade. \u00c9 assumir um compromisso entre 16 e 20 anos ou at\u00e9 mais. Ou seja, \u00e9 incluir o animal nos planos da fam\u00edlia\u201d, justificou o vereador Marcos Paulo.<\/p>\n<p>De acordo com o texto do projeto, a campanha foi criada pela necessidade de abrir um debate sobre o abandono de animais mediante as estat\u00edsticas do expressivo aumento do numero de casos que acontece entre dezembro e fevereiro per\u00edodo de f\u00e9rias. \u201cDia 10 de dezembro \u00e9 comemorado o Dia Internacional dos Animais. A campanha vem para fortalecer e intensificar o combate aos maus tratos desses pets\u201d, comentou o vereador.<\/p>\n<p>Para o vereador Marcos Paulo destratar animais \u00e9 um ato cruel que pode condenar seu pet a morte. \u201cO \u00f3bito em vias da cidade pelo desamparo dos seus donos leva a s\u00e9rias consequ\u00eancias ambientais relacionadas a sa\u00fade e seguran\u00e7a p\u00fablica\u201d, ressaltou o parlamentar.<\/p>\n<p>O Projeto de Lei deixa claro que cabe a Prefeitura de Tabo\u00e3o da Serra criar campanhas publicit\u00e1rias sobre o tema firmando parcerias com iniciativas privadas e p\u00fablicas, pessoas f\u00edsicas e jur\u00eddicas, entidades e universidades para realiza\u00e7\u00e3o e organiza\u00e7\u00e3o do \u201cDezembro Verde\u201d.<\/p>\n<\/div>\n<p>*SECOM CMTS<\/p>\n","protected":false},"excerpt":{"rendered":"<p>Campanha alerta a popula\u00e7\u00e3o de Tabo\u00e3o da Serra que largar c\u00e3es e gatos em vias p\u00fablicas \u00e9 caracterizado crime previsto<\/p>\n","protected":false},"author":3,"featured_media":5644,"comment_status":"open","ping_status":"open","sticky":false,"template":"","format":"standard","meta":{"footnotes":""},"categories":[1,4,10],"tags":[],"class_list":["post-5643","post","type-post","status-publish","format-standard","has-post-thumbnail","hentry","category-destaque","category-noticias","category-taboao-da-serra"],"_links":{"self":[{"href":"https:\/\/folhadopirajucara.com.br\/index.php\/wp-json\/wp\/v2\/posts\/5643"}],"collection":[{"href":"https:\/\/folhadopirajucara.com.br\/index.php\/wp-json\/wp\/v2\/posts"}],"about":[{"href":"https:\/\/folhadopirajucara.com.br\/index.php\/wp-json\/wp\/v2\/types\/post"}],"author":[{"embeddable":true,"href":"https:\/\/folhadopirajucara.com.br\/index.php\/wp-json\/wp\/v2\/users\/3"}],"replies":[{"embeddable":true,"href":"https:\/\/folhadopirajucara.com.br\/index.php\/wp-json\/wp\/v2\/comments?post=5643"}],"version-history":[{"count":1,"href":"https:\/\/folhadopirajucara.com.br\/index.php\/wp-json\/wp\/v2\/posts\/5643\/revisions"}],"predecessor-version":[{"id":5645,"href":"https:\/\/folhadopirajucara.com.br\/index.php\/wp-json\/wp\/v2\/posts\/5643\/revisions\/5645"}],"wp:featuredmedia":[{"embeddable":true,"href":"https:\/\/folhadopirajucara.com.br\/index.php\/wp-json\/wp\/v2\/media\/5644"}],"wp:attachment":[{"href":"https:\/\/folhadopirajucara.com.br\/index.php\/wp-json\/wp\/v2\/media?parent=5643"}],"wp:term":[{"taxonomy":"category","embeddable":true,"href":"https:\/\/folhadopirajucara.com.br\/index.php\/wp-json\/wp\/v2\/categories?post=5643"},{"taxonomy":"post_tag","embeddable":true,"href":"https:\/\/folhadopirajucara.com.br\/index.php\/wp-json\/wp\/v2\/tags?post=5643"}],"curies":[{"name":"wp","href":"https:\/\/api.w.org\/{rel}","templated":true}]}}