{"id":5737,"date":"2022-11-08T12:29:46","date_gmt":"2022-11-08T15:29:46","guid":{"rendered":"http:\/\/folhadopirajucara.com.br\/?p=5737"},"modified":"2022-11-11T16:54:13","modified_gmt":"2022-11-11T19:54:13","slug":"movimento-do-terceiro-setor-lanca-site-com-mais-de-20-organizacoes-e-movimentos-sociais","status":"publish","type":"post","link":"https:\/\/folhadopirajucara.com.br\/index.php\/2022\/11\/08\/movimento-do-terceiro-setor-lanca-site-com-mais-de-20-organizacoes-e-movimentos-sociais\/","title":{"rendered":"Movimento do Terceiro Setor lan\u00e7a site com mais de 20 organiza\u00e7\u00f5es e movimentos sociais"},"content":{"rendered":"<blockquote>\n<p style=\"text-align: center;\"><strong>\u201cJuntos Vamos Mais Longe\u201d tem como prop\u00f3sito dar visibilidade \u00e0s institui\u00e7\u00f5es\u00a0sociais da Regi\u00e3o Metropolitana Oeste e Sudoeste de SP.\u00a0Dia de Doar ocorre em 29\/11 e moradores da regi\u00e3o podem \u2013 pelo site &#8211;\u00a0conhecer e contribuir com as institui\u00e7\u00f5es de sua cidade.&#8221;<\/strong><\/p>\n<\/blockquote>\n<p>&nbsp;<\/p>\n<p>O Juntos Vamos Mais Longe \u2013 Movimento do Terceiro Setor da Regi\u00e3o Metropolitana Oeste e Sudoeste de SP lan\u00e7a o site juntovamosmaislonge.ong.br em que re\u00fane mais de 20 organiza\u00e7\u00f5es e movimentos sociais de sete cidades. O prop\u00f3sito do Movimento \u00e9 dar visibilidade \u00e0s institui\u00e7\u00f5es para que possam aumentar a capta\u00e7\u00e3o de recursos e atrair mais volunt\u00e1rios.<\/p>\n<p>Segundo Marise Barbosa, uma das fundadoras do Movimento, o lan\u00e7amento dessa plataforma vem em um momento oportuno, porque est\u00e1 se aproximando o Dia de Doar, que neste ano ocorre em 29\/11. \u201cEsse Dia \u00e9 um movimento mundial para promover a generosidade. Come\u00e7ou nos Estados Unidos em 2012 e no Brasil em 2013. J\u00e1 s\u00e3o 85 pa\u00edses que integram esse movimento. \u00c9 uma mobiliza\u00e7\u00e3o por um pa\u00eds mais solid\u00e1rio, por meio da conex\u00e3o de pessoas com causas\u201d, conta Marise.<\/p>\n<p>A oportunidade \u00e9 que os moradores das cidades de Cotia, Embu das Artes, Vargem Grande Paulista, Jandira, Carapicu\u00edba, entre outras, possam fazer doa\u00e7\u00f5es para as organiza\u00e7\u00f5es que impactam as suas cidades, em diversas \u00e1reas de atua\u00e7\u00e3o. \u201cCultura, crian\u00e7as e adolescentes, idosos, gera\u00e7\u00e3o de renda s\u00e3o algumas das causas lideradas por diversas organiza\u00e7\u00f5es, que fazem a diferen\u00e7a na vida de milhares de pessoas. \u00c0s vezes, os moradores querem contribuir com alguma a\u00e7\u00e3o social, mas n\u00e3o conhecem. O novo site traz em um s\u00f3 lugar essa possibilidade para conhecerem e se encantarem\u201d, conta Silvana B\u00e1rbara, tamb\u00e9m fundadora do Movimento.<\/p>\n<p>O Juntos Vamos Longe foi lan\u00e7ado em 19\/10 e contou com a participa\u00e7\u00e3o de cerca de 70 pessoas representantes de organiza\u00e7\u00f5es sociais de sete cidades da Regi\u00e3o. Na oportunidade, foram elencados os desafios das institui\u00e7\u00f5es em Comunica\u00e7\u00e3o, Capta\u00e7\u00e3o de Recursos e Gest\u00e3o. \u201cO objetivo \u00e9 reunir esses desafios e trabalh\u00e1-los em oficinas durante o ano de 2023, de forma a auxiliar as organiza\u00e7\u00f5es a superar esses desafios\u201d, conta Patr\u00edcia Rigamonti, tamb\u00e9m fundadora.<\/p>\n<p>Luciana Alvarez, outra fundadora, conta que o novo site traz toda a hist\u00f3ria do Movimento, assim como o prop\u00f3sito, como transforma e o que faz. \u201cEstamos buscando apoios com empresas que queiram fortalecer e contribuir para a divulga\u00e7\u00e3o do Movimento. Basta encaminhar um e-mail \u2013 que est\u00e1 no site \u2013 para a gente\u201d, finaliza Luciana.<\/p>\n<p>As organiza\u00e7\u00f5es da Regi\u00e3o Metropolitana Oeste e Sudoeste que quiserem aderir ao Movimento \u00e9 s\u00f3 entrar no site e preencher o formul\u00e1rio que est\u00e1 na home.<\/p>\n<p>O Juntos Vamos Longe j\u00e1 conta com os apoios da consultoria Kanaan Assessoria Cont\u00e1bil e Tribut\u00e1ria, da Line BPO Terceiriza\u00e7\u00e3o Financeira e da coach e palestrante Silvia Cursino. O Instituto Repartir \u00e9 o parceiro respons\u00e1vel pela comunica\u00e7\u00e3o institucional, uma organiza\u00e7\u00e3o sem fins lucrativos que gera renda e trabalho a estudantes de comunica\u00e7\u00e3o em situa\u00e7\u00e3o de vulnerabilidade social e financeira.<\/p>\n<p>Dia de Doar &#8211; 29\/11 Acesse <a href=\"http:\/\/www.juntosvamosmaislonge.ong.br\/\">juntosvamosmaislonge.ong.br<\/a>, escolha a organiza\u00e7\u00e3o e contribua.<\/p>\n<p>Assessoria de Imprensa &#8211; Instituto Repartir: Luciana Alvarez: (11) 99604-3560 \/ luciana.alvarez@institutorepartir.com.br<\/p>\n","protected":false},"excerpt":{"rendered":"<p>\u201cJuntos Vamos Mais Longe\u201d tem como prop\u00f3sito dar visibilidade \u00e0s institui\u00e7\u00f5es\u00a0sociais da Regi\u00e3o Metropolitana Oeste e Sudoeste de SP.\u00a0Dia de<\/p>\n","protected":false},"author":3,"featured_media":5738,"comment_status":"open","ping_status":"open","sticky":false,"template":"","format":"standard","meta":{"footnotes":""},"categories":[1,4],"tags":[],"class_list":["post-5737","post","type-post","status-publish","format-standard","has-post-thumbnail","hentry","category-destaque","category-noticias"],"_links":{"self":[{"href":"https:\/\/folhadopirajucara.com.br\/index.php\/wp-json\/wp\/v2\/posts\/5737"}],"collection":[{"href":"https:\/\/folhadopirajucara.com.br\/index.php\/wp-json\/wp\/v2\/posts"}],"about":[{"href":"https:\/\/folhadopirajucara.com.br\/index.php\/wp-json\/wp\/v2\/types\/post"}],"author":[{"embeddable":true,"href":"https:\/\/folhadopirajucara.com.br\/index.php\/wp-json\/wp\/v2\/users\/3"}],"replies":[{"embeddable":true,"href":"https:\/\/folhadopirajucara.com.br\/index.php\/wp-json\/wp\/v2\/comments?post=5737"}],"version-history":[{"count":2,"href":"https:\/\/folhadopirajucara.com.br\/index.php\/wp-json\/wp\/v2\/posts\/5737\/revisions"}],"predecessor-version":[{"id":5740,"href":"https:\/\/folhadopirajucara.com.br\/index.php\/wp-json\/wp\/v2\/posts\/5737\/revisions\/5740"}],"wp:featuredmedia":[{"embeddable":true,"href":"https:\/\/folhadopirajucara.com.br\/index.php\/wp-json\/wp\/v2\/media\/5738"}],"wp:attachment":[{"href":"https:\/\/folhadopirajucara.com.br\/index.php\/wp-json\/wp\/v2\/media?parent=5737"}],"wp:term":[{"taxonomy":"category","embeddable":true,"href":"https:\/\/folhadopirajucara.com.br\/index.php\/wp-json\/wp\/v2\/categories?post=5737"},{"taxonomy":"post_tag","embeddable":true,"href":"https:\/\/folhadopirajucara.com.br\/index.php\/wp-json\/wp\/v2\/tags?post=5737"}],"curies":[{"name":"wp","href":"https:\/\/api.w.org\/{rel}","templated":true}]}}