{"id":5771,"date":"2022-11-15T13:17:22","date_gmt":"2022-11-15T16:17:22","guid":{"rendered":"http:\/\/folhadopirajucara.com.br\/?p=5771"},"modified":"2022-11-15T13:17:22","modified_gmt":"2022-11-15T16:17:22","slug":"escolas-de-danca-e-de-musica-abrem-processo-seletivo-em-sao-paulo","status":"publish","type":"post","link":"https:\/\/folhadopirajucara.com.br\/index.php\/2022\/11\/15\/escolas-de-danca-e-de-musica-abrem-processo-seletivo-em-sao-paulo\/","title":{"rendered":"Escolas de dan\u00e7a e de m\u00fasica abrem processo seletivo em S\u00e3o Paulo"},"content":{"rendered":"<p>A S\u00e3o Paulo Escola de Dan\u00e7a &#8211; Centro de Forma\u00e7\u00e3o em Artes Coreogr\u00e1ficas est\u00e1 com inscri\u00e7\u00f5es abertas para os cursos regulares de Dan\u00e7a e Performance, Coreografia (dire\u00e7\u00e3o, dramaturgia, coreografia e sonoplastia), Figurino da Dan\u00e7a, Multim\u00eddia para Dan\u00e7a, Produ\u00e7\u00e3o e Gest\u00e3o Cultural, T\u00e9cnicas da Cena (cenotecnia, luz, som e palco) e T\u00e9cnicas da Dan\u00e7a (cl\u00e1ssica, moderna e contempor\u00e2nea). As inscri\u00e7\u00f5es v\u00e3o at\u00e9 o dia 30 de novembro e podem ser feitas pelo site por qualquer interessado com idade acima de 16 anos.<img decoding=\"async\" src=\"https:\/\/agenciabrasil.ebc.com.br\/ebc.png?id=1493382&amp;o=node\" alt=\"\" \/><img decoding=\"async\" src=\"https:\/\/agenciabrasil.ebc.com.br\/ebc.gif?id=1493382&amp;o=node\" alt=\"\" \/><\/p>\n<p>Os cursos s\u00e3o modulares, com dura\u00e7\u00e3o de 2 anos, totalizando 1,6 mil horas. As aulas do per\u00edodo matutino acontecem de segunda-feira a sexta-feira, das 8h \u00e0s 12h, e s\u00e1bados, das 8h \u00e0s 12h. As do per\u00edodo vespertino s\u00e3o de segunda-feira a sexta-feira, das 13h30h \u00e0s 17h30h, e s\u00e1bados, das 8h \u00e0s 12h. Todas as vagas s\u00e3o gratuitas. O in\u00edcio das aulas ser\u00e1 em fevereiro de 2023, na sede da escola no 3\u00ba andar do Complexo J\u00falio Prestes, no centro de S\u00e3o Paulo.<\/p>\n<p>Os cursos capacitam os estudantes de forma t\u00e9cnica e art\u00edstica para que possam ocupar diferentes posi\u00e7\u00f5es na cadeia produtiva da dan\u00e7a. Metade das vagas \u00e9 destinada a pessoas de baixa renda ou situa\u00e7\u00e3o de vulnerabilidade social ou relacional; 20% s\u00e3o voltadas a pessoas negras ou de origem ind\u00edgena.<\/p>\n<p>Para estimular a perman\u00eancia dos alunos nos cursos, a escola oferecer\u00e1 75 bolsas de estudo no valor de R$ 2.860 \u00e0s pessoas aprovadas para o primeiro semestre de 2023. O valor dever\u00e1 ser solicitado por meio de um processo de sele\u00e7\u00e3o.<\/p>\n<p>Segundo a diretora Art\u00edstica e Educacional da escola, In\u00eas Bog\u00e9a, a abertura desse processo seletivo \u00e9 uma etapa importante para a S\u00e3o Paulo Escola de Dan\u00e7a. Desde o in\u00edcio do ano, a escola j\u00e1 tem 170 estudantes matriculados nas primeiras turmas dos cursos regulares; 80 matriculados nos cursos de Inicia\u00e7\u00e3o \u00e0 Dan\u00e7a e mais de 300 estudantes nos cursos de Extens\u00e3o Cultural.<\/p>\n<p>\u201cEm 2023 esperamos receber em torno de 500 estudantes diariamente em nossa sede, para pensarmos e construirmos juntos uma dan\u00e7a. A S\u00e3o Paulo Escola de Dan\u00e7a \u00e9 um projeto comprometido em dar voz e espa\u00e7o para a reflex\u00e3o, aprendizado e troca de saberes entendendo a diversidade de corpos e est\u00e9ticas como premissas da forma\u00e7\u00e3o e profissionaliza\u00e7\u00e3o\u201d, disse In\u00eas.<\/p>\n<p>Mais detalhes sobre os cursos podem ser consultados no\u00a0<a href=\"http:\/\/www.spescoladedanca.org.br\/cursos-regulares\" target=\"_blank\" rel=\"noopener\">site da escola<\/a>.<\/p>\n<h2 style=\"text-align: center;\">M\u00fasica<\/h2>\n<p>A Escola de M\u00fasica do Estado de S\u00e3o Paulo \u2013 Tom Jobim tamb\u00e9m est\u00e1 com inscri\u00e7\u00f5es abertas para mais de 300 vagas dos cursos gratuitos de forma\u00e7\u00e3o e especializa\u00e7\u00e3o musical. Os cadastros podem ser preenchidos at\u00e9 o dia 22 de novembro. Os cursos s\u00e3o de pr\u00e1tica de canto e instrumentos variados como piano, violino, viol\u00e3o, guitarra, harpa, flauta, contrabaixo, saxofone, trompete, bateria, acorde\u00e3o, entre outros. As aulas acontecem presencialmente e tem previs\u00e3o de in\u00edcio em 13 de fevereiro, na sede da escola, no bairro da Luz, em S\u00e3o Paulo.<\/p>\n<p>Os cursos de forma\u00e7\u00e3o s\u00e3o divididos em tr\u00eas ciclos, tendo cada um os seguintes limites de idade: at\u00e9 13 anos para o 1\u00ba ciclo; at\u00e9 16 anos para o 2\u00ba ciclo; e at\u00e9 21 anos para o 3\u00ba ciclo. J\u00e1 os cursos de especializa\u00e7\u00e3o correspondem ao 4\u00ba ciclo. Nessa modalidade s\u00e3o oferecidos cursos de especializa\u00e7\u00e3o em m\u00fasica instrumental, m\u00fasica antiga, composi\u00e7\u00e3o e reg\u00eancia coral e n\u00e3o h\u00e1 limite de idade para o ingresso.<\/p>\n<div class=\"google-auto-placed ap_container\">\n<article class=\" \">Nesse processo seletivo tamb\u00e9m est\u00e3o abertas as inscri\u00e7\u00f5es para ingresso de bolsistas nos grupos art\u00edsticos: Banda Jovem do Estado, Orquestra Jovem do Estado, Orquestra Jovem do Theatro S\u00e3o Pedro e Orquestra Jovem Tom Jobim, com limite de idade at\u00e9 25 anos, e Academia de \u00d3pera do Theatro S\u00e3o Pedro e Coral Jovem do Estado destinados a jovens com idade at\u00e9 28 anos.<\/p>\n<p>As inscri\u00e7\u00f5es devem ser feitas pelo\u00a0<a href=\"http:\/\/https\/\/emesp.org.br\/1o-processo-seletivo-2023\" target=\"_blank\" rel=\"noopener\">site da Emesp Tom Jobim<\/a>.<\/p>\n<\/article>\n<div id=\"M771160ScriptRootC1244353_08c7f\">\n<div id=\"MarketGidComposite1244353_08c7f\">\n<div>\n<div class=\"mgheader\"><em><strong>*por Assessoria de Imprensa<\/strong><\/em><\/div>\n<\/div>\n<\/div>\n<\/div>\n<\/div>\n","protected":false},"excerpt":{"rendered":"<p>A S\u00e3o Paulo Escola de Dan\u00e7a &#8211; Centro de Forma\u00e7\u00e3o em Artes Coreogr\u00e1ficas est\u00e1 com inscri\u00e7\u00f5es abertas para os cursos<\/p>\n","protected":false},"author":3,"featured_media":5772,"comment_status":"open","ping_status":"open","sticky":false,"template":"","format":"standard","meta":{"footnotes":""},"categories":[1,4],"tags":[],"class_list":["post-5771","post","type-post","status-publish","format-standard","has-post-thumbnail","hentry","category-destaque","category-noticias"],"_links":{"self":[{"href":"https:\/\/folhadopirajucara.com.br\/index.php\/wp-json\/wp\/v2\/posts\/5771"}],"collection":[{"href":"https:\/\/folhadopirajucara.com.br\/index.php\/wp-json\/wp\/v2\/posts"}],"about":[{"href":"https:\/\/folhadopirajucara.com.br\/index.php\/wp-json\/wp\/v2\/types\/post"}],"author":[{"embeddable":true,"href":"https:\/\/folhadopirajucara.com.br\/index.php\/wp-json\/wp\/v2\/users\/3"}],"replies":[{"embeddable":true,"href":"https:\/\/folhadopirajucara.com.br\/index.php\/wp-json\/wp\/v2\/comments?post=5771"}],"version-history":[{"count":1,"href":"https:\/\/folhadopirajucara.com.br\/index.php\/wp-json\/wp\/v2\/posts\/5771\/revisions"}],"predecessor-version":[{"id":5773,"href":"https:\/\/folhadopirajucara.com.br\/index.php\/wp-json\/wp\/v2\/posts\/5771\/revisions\/5773"}],"wp:featuredmedia":[{"embeddable":true,"href":"https:\/\/folhadopirajucara.com.br\/index.php\/wp-json\/wp\/v2\/media\/5772"}],"wp:attachment":[{"href":"https:\/\/folhadopirajucara.com.br\/index.php\/wp-json\/wp\/v2\/media?parent=5771"}],"wp:term":[{"taxonomy":"category","embeddable":true,"href":"https:\/\/folhadopirajucara.com.br\/index.php\/wp-json\/wp\/v2\/categories?post=5771"},{"taxonomy":"post_tag","embeddable":true,"href":"https:\/\/folhadopirajucara.com.br\/index.php\/wp-json\/wp\/v2\/tags?post=5771"}],"curies":[{"name":"wp","href":"https:\/\/api.w.org\/{rel}","templated":true}]}}