{"id":5787,"date":"2022-11-05T13:30:05","date_gmt":"2022-11-05T16:30:05","guid":{"rendered":"http:\/\/folhadopirajucara.com.br\/?p=5787"},"modified":"2022-11-15T13:32:02","modified_gmt":"2022-11-15T16:32:02","slug":"maternidade-de-itapecerica-da-serra-implanta-sala-de-classificacao-de-risco","status":"publish","type":"post","link":"https:\/\/folhadopirajucara.com.br\/index.php\/2022\/11\/05\/maternidade-de-itapecerica-da-serra-implanta-sala-de-classificacao-de-risco\/","title":{"rendered":"Maternidade de Itapecerica da Serra implanta Sala de Classifica\u00e7\u00e3o de Risco"},"content":{"rendered":"<p>A Autarquia Municipal de Sa\u00fade de Itapecerica da Serra implantou, na \u00faltima ter\u00e7a-feira, 1\u00ba de novembro, uma sala de acolhimento com classifica\u00e7\u00e3o de risco na Maternidade Zoraide Eva das Dores.<\/p>\n<p>De acordo com o \u00f3rg\u00e3o, a iniciativa tem o objetivo de priorizar o atendimento das pacientes cujo estado confere maior risco \u00e0 sa\u00fade. \u201cTer\u00e1 benef\u00edcios assistenciais, administrativos e qualitativos; otimizando o tempo de espera e tamb\u00e9m o tempo total da gestante na unidade\u201d, afirma a Autarquia.<\/p>\n<p>Segundo o prefeito Dr. Francisco Nakano, que esteve no PS acompanhando o primeiro dia de implanta\u00e7\u00e3o \u201cEste protocolo \u00e9 extremamente importante e estimula a unidade a desenvolver um olhar mais cr\u00edtico, trabalhando a otimiza\u00e7\u00e3o de fluxos e rotinas, al\u00e9m de melhorar a qualidade e \u00edndice de satisfa\u00e7\u00e3o do paciente&#8221;.<\/p>\n<p>Al\u00e9m do prefeito, tamb\u00e9m esteve presente na a\u00e7\u00e3o o vice-prefeito, Rafael de Oliveira, e a equipe t\u00e9cnica da Autarquia de Sa\u00fade.<\/p>\n<p>*fonte: SECOM PMIS<\/p>\n","protected":false},"excerpt":{"rendered":"<p>A Autarquia Municipal de Sa\u00fade de Itapecerica da Serra implantou, na \u00faltima ter\u00e7a-feira, 1\u00ba de novembro, uma sala de acolhimento<\/p>\n","protected":false},"author":3,"featured_media":5788,"comment_status":"open","ping_status":"open","sticky":false,"template":"","format":"standard","meta":{"footnotes":""},"categories":[1,16,4],"tags":[],"class_list":["post-5787","post","type-post","status-publish","format-standard","has-post-thumbnail","hentry","category-destaque","category-itapecerica-da-serra","category-noticias"],"_links":{"self":[{"href":"https:\/\/folhadopirajucara.com.br\/index.php\/wp-json\/wp\/v2\/posts\/5787"}],"collection":[{"href":"https:\/\/folhadopirajucara.com.br\/index.php\/wp-json\/wp\/v2\/posts"}],"about":[{"href":"https:\/\/folhadopirajucara.com.br\/index.php\/wp-json\/wp\/v2\/types\/post"}],"author":[{"embeddable":true,"href":"https:\/\/folhadopirajucara.com.br\/index.php\/wp-json\/wp\/v2\/users\/3"}],"replies":[{"embeddable":true,"href":"https:\/\/folhadopirajucara.com.br\/index.php\/wp-json\/wp\/v2\/comments?post=5787"}],"version-history":[{"count":1,"href":"https:\/\/folhadopirajucara.com.br\/index.php\/wp-json\/wp\/v2\/posts\/5787\/revisions"}],"predecessor-version":[{"id":5789,"href":"https:\/\/folhadopirajucara.com.br\/index.php\/wp-json\/wp\/v2\/posts\/5787\/revisions\/5789"}],"wp:featuredmedia":[{"embeddable":true,"href":"https:\/\/folhadopirajucara.com.br\/index.php\/wp-json\/wp\/v2\/media\/5788"}],"wp:attachment":[{"href":"https:\/\/folhadopirajucara.com.br\/index.php\/wp-json\/wp\/v2\/media?parent=5787"}],"wp:term":[{"taxonomy":"category","embeddable":true,"href":"https:\/\/folhadopirajucara.com.br\/index.php\/wp-json\/wp\/v2\/categories?post=5787"},{"taxonomy":"post_tag","embeddable":true,"href":"https:\/\/folhadopirajucara.com.br\/index.php\/wp-json\/wp\/v2\/tags?post=5787"}],"curies":[{"name":"wp","href":"https:\/\/api.w.org\/{rel}","templated":true}]}}