{"id":5932,"date":"2023-01-13T18:53:31","date_gmt":"2023-01-13T21:53:31","guid":{"rendered":"http:\/\/folhadopirajucara.com.br\/?p=5932"},"modified":"2023-01-17T18:56:34","modified_gmt":"2023-01-17T21:56:34","slug":"prefeitura-de-itapecerica-da-serra-abre-concurso-publico","status":"publish","type":"post","link":"https:\/\/folhadopirajucara.com.br\/index.php\/2023\/01\/13\/prefeitura-de-itapecerica-da-serra-abre-concurso-publico\/","title":{"rendered":"Prefeitura de Itapecerica da Serra abre concurso p\u00fablico"},"content":{"rendered":"<blockquote>\n<p class=\"post-description\" style=\"text-align: center;\"><strong>A Prefeitura de Itapecerica da Serra torna p\u00fablica a abertura das inscri\u00e7\u00f5es para a<\/strong><\/p>\n<p class=\"post-description\" style=\"text-align: center;\"><strong>realiza\u00e7\u00e3o de Concurso P\u00fablico.<\/strong><\/p>\n<\/blockquote>\n<div data-grid=\"small-spacing center justify\"><\/div>\n<div data-grid=\"small-spacing center justify\">\n<p>O concurso destina-se ao preenchimento das seguintes vagas:<\/p>\n<p>Auxiliar de Servi\u00e7o Escolar, Assistente Administrativo, Cuidador, Inspetor de Alunos, Diretor de Escola, Fonoaudi\u00f3logo, Orientador Pedag\u00f3gico, Professor Auxiliar, Professor (P2) \u2013 Educa\u00e7\u00e3o Infantil, Professor (P3) \u2013 Ensino Fundamental, Professor (P4) \u2013 Ingl\u00eas, Professor de Atendimento Educacional Especializado (PAEE) \u2013 Defici\u00eancia Auditiva e Surdez, Professor de Atendimento Educacional Especializado (PAEE) \u2013 Defici\u00eancia F\u00edsica, Professor de Atendimento Educacional Especializado (PAEE) \u2013 Autismo e Transtornos Globais do Desenvolvimento, Professor de Desenvolvimento Infantil (PDI) \u2013 Creche, Psic\u00f3logo, Supervisor de Ensino (SP) e Terapeuta Ocupacional.<\/p>\n<p>As inscri\u00e7\u00f5es devem ser feitas no per\u00edodo de 13 de janeiro de 2023 at\u00e9 13 de fevereiro de 2023 no site:\u00a0<a href=\"https:\/\/www.avancasp.org.br\/informacoes\/55\/\">https:\/\/www.avancasp.org.br\/informacoes\/55\/<\/a><\/p>\n<p>Confira edital completo:<\/p>\n<p><a title=\"EDITAL 001 2023 - ABERTURA DE INSCRI\u00c7\u00d5ES PARA CONCURSO P\u00daBLICO\" href=\"https:\/\/ecrie.com.br\/sistema\/conteudos\/arquivo\/a_9_0_1_12012023162330.pdf\" target=\"_blank\" rel=\"noopener\">EDITAL 001 2023 &#8211; ABERTURA DE INSCRI\u00c7\u00d5ES PARA CONCURSO P\u00daBLICO<\/a><\/p>\n<\/div>\n<p>&nbsp;<\/p>\n<p>&nbsp;<\/p>\n","protected":false},"excerpt":{"rendered":"<p>A Prefeitura de Itapecerica da Serra torna p\u00fablica a abertura das inscri\u00e7\u00f5es para a realiza\u00e7\u00e3o de Concurso P\u00fablico. O concurso<\/p>\n","protected":false},"author":3,"featured_media":5933,"comment_status":"open","ping_status":"open","sticky":false,"template":"","format":"standard","meta":{"footnotes":""},"categories":[1,16,4],"tags":[],"class_list":["post-5932","post","type-post","status-publish","format-standard","has-post-thumbnail","hentry","category-destaque","category-itapecerica-da-serra","category-noticias"],"_links":{"self":[{"href":"https:\/\/folhadopirajucara.com.br\/index.php\/wp-json\/wp\/v2\/posts\/5932"}],"collection":[{"href":"https:\/\/folhadopirajucara.com.br\/index.php\/wp-json\/wp\/v2\/posts"}],"about":[{"href":"https:\/\/folhadopirajucara.com.br\/index.php\/wp-json\/wp\/v2\/types\/post"}],"author":[{"embeddable":true,"href":"https:\/\/folhadopirajucara.com.br\/index.php\/wp-json\/wp\/v2\/users\/3"}],"replies":[{"embeddable":true,"href":"https:\/\/folhadopirajucara.com.br\/index.php\/wp-json\/wp\/v2\/comments?post=5932"}],"version-history":[{"count":1,"href":"https:\/\/folhadopirajucara.com.br\/index.php\/wp-json\/wp\/v2\/posts\/5932\/revisions"}],"predecessor-version":[{"id":5934,"href":"https:\/\/folhadopirajucara.com.br\/index.php\/wp-json\/wp\/v2\/posts\/5932\/revisions\/5934"}],"wp:featuredmedia":[{"embeddable":true,"href":"https:\/\/folhadopirajucara.com.br\/index.php\/wp-json\/wp\/v2\/media\/5933"}],"wp:attachment":[{"href":"https:\/\/folhadopirajucara.com.br\/index.php\/wp-json\/wp\/v2\/media?parent=5932"}],"wp:term":[{"taxonomy":"category","embeddable":true,"href":"https:\/\/folhadopirajucara.com.br\/index.php\/wp-json\/wp\/v2\/categories?post=5932"},{"taxonomy":"post_tag","embeddable":true,"href":"https:\/\/folhadopirajucara.com.br\/index.php\/wp-json\/wp\/v2\/tags?post=5932"}],"curies":[{"name":"wp","href":"https:\/\/api.w.org\/{rel}","templated":true}]}}