{"id":5955,"date":"2023-01-20T14:52:06","date_gmt":"2023-01-20T17:52:06","guid":{"rendered":"http:\/\/folhadopirajucara.com.br\/?p=5955"},"modified":"2023-01-20T14:52:06","modified_gmt":"2023-01-20T17:52:06","slug":"camara-municipal-aprova-orcamento-no-valor-de-r-15-bi-para-2023","status":"publish","type":"post","link":"https:\/\/folhadopirajucara.com.br\/index.php\/2023\/01\/20\/camara-municipal-aprova-orcamento-no-valor-de-r-15-bi-para-2023\/","title":{"rendered":"C\u00e2mara Municipal aprova or\u00e7amento no valor de R$ 1,5 bi para 2023"},"content":{"rendered":"<p>Os vereadores de Tabo\u00e3o da Serra aprovaram na \u00faltima ter\u00e7a-feira, dia 17\/01, em segunda vota\u00e7\u00e3o, o Or\u00e7amento Municipal para 2023, que este ano \u00e9 de R$ 1.518.098.232,20 para investimento e manuten\u00e7\u00e3o de pastas importantes como sa\u00fade, educa\u00e7\u00e3o e seguran\u00e7a, entre outros, com emendas impositivas dos parlamentares.<br \/>\nNa manh\u00e3 de quarta-feira, dia 18\/01, o presidente da Casa de Leis, vereador Andr\u00e9 Egydio (Podemos), entregou a pe\u00e7a or\u00e7ament\u00e1ria ao prefeito Apr\u00edgio (Podemos) para que seja sancionada.<br \/>\n\u201cA C\u00e2mara Municipal fez sua parte aprovando o or\u00e7amento para 2023. Tenho certeza que com esse or\u00e7amento a gente vai avan\u00e7ar cada vez mais e ajudar nossa cidade na reconstru\u00e7\u00e3o\u201d, disse Egydio.<br \/>\n<img loading=\"lazy\" decoding=\"async\" class=\"size-medium wp-image-5957 alignleft\" src=\"https:\/\/folhadopirajucara.com.br\/wp-content\/uploads\/2023\/01\/or\u00e7amento-2023-1-300x200.jpg\" alt=\"\" width=\"300\" height=\"200\" srcset=\"https:\/\/folhadopirajucara.com.br\/wp-content\/uploads\/2023\/01\/or\u00e7amento-2023-1-300x200.jpg 300w, https:\/\/folhadopirajucara.com.br\/wp-content\/uploads\/2023\/01\/or\u00e7amento-2023-1.jpg 650w\" sizes=\"(max-width: 300px) 100vw, 300px\" \/>Apr\u00edgio comemorou a aprova\u00e7\u00e3o do projeto. \u201cTive a honra de receber o presidente da C\u00e2mara Municipal de Tabo\u00e3o da Serra, vereador Andr\u00e9 Egydio, que venho pessoalmente entregar a nossa Lei de Diretrizes Or\u00e7ament\u00e1rias (LDO) do exerc\u00edcio de 2023, aprovada por unanimidade, que garantir\u00e1 os nossos investimentos e projetos de reconstru\u00e7\u00e3o da nossa amada cidade. Agrade\u00e7o a todos os vereadores pelo empenho e tamb\u00e9m pelas emendas destinadas a diversas \u00e1reas para melhorar a vida da nossa popula\u00e7\u00e3o\u201d, declarou o gestor.<\/p>\n<p style=\"text-align: center;\"><strong>A vota\u00e7\u00e3o<\/strong><\/p>\n<p>Ap\u00f3s muita pol\u00eamica, a C\u00e2mara Municipal de Tabo\u00e3o da Serra aprovou por unanimidade, o Or\u00e7amento de 2023 no valor total de R$ 1,5 bilh\u00e3o, a maior arrecada\u00e7\u00e3o da hist\u00f3ria do munic\u00edpio. O valor \u00e9 resultado de diversas fontes, como a arrecada\u00e7\u00e3o municipal (57% do total), repasse obrigat\u00f3rio do governo estadual (13%), Federal (8%), al\u00e9m de opera\u00e7\u00f5es de cr\u00e9dito (23%).<br \/>\nO governo Apr\u00edgio ir\u00e1 investir, em 2023, principalmente em quatro pastas: Educa\u00e7\u00e3o, que receber\u00e1 R$ 377 milh\u00f5es, Sa\u00fade, com R$ 272 milh\u00f5es, Habita\u00e7\u00e3o, com 244 milh\u00f5es obras, infraestrutura e servi\u00e7os urbanos, com R$ 151 milh\u00f5es.<\/p>\n<p style=\"text-align: center;\"><strong>Receitas<\/strong><\/p>\n<p>As receitas, de onde vem o dinheiro para o or\u00e7amento municipal, v\u00eam de diversas fontes. A principal delas, o ICMS, prev\u00ea arrecada\u00e7\u00e3o de R$ 226 milh\u00f5es, o Fundeb, ligado a educa\u00e7\u00e3o, R$ 176 milh\u00f5es. J\u00e1 o IPTU, deve arrecadar algo em torno de R$ 135 milh\u00f5es e o ISS, R$ 122 milh\u00f5es.<\/p>\n<p style=\"text-align: center;\"><strong>Veja como ficou distribu\u00eddo o Or\u00e7amento\u00a0Municipal para 2023<\/strong><\/p>\n<p>Ap\u00f3s muita pol\u00eamica, os vereadores de Tabo\u00e3o da Serra entraram em consenso e aprovaram o Or\u00e7amento Municipal para 2023, no valor de R$ 1.518.098.232,20. Tamb\u00e9m foram aprovadas as emendas impositivas dos 13 parlamentares.<br \/>\nNo or\u00e7amento o governo planeja o dinheiro que ser\u00e1 aplicado em a\u00e7\u00f5es, compras e pagamentos divididos em receitas e despesas (gastos de manuten\u00e7\u00e3o e investimentos).<br \/>\nA \u00e1rea que mais receber\u00e1 investimentos em 2023 ser\u00e1 a Educa\u00e7\u00e3o, com cerca de R$ 377 milh\u00f5es. Em seguida vem a Sa\u00fade P\u00fablica, que ter\u00e1 um or\u00e7amento previsto de mais de R$ 272 milh\u00f5es.<br \/>\nA secretaria de Obras ter\u00e1 um or\u00e7amento estimado em R$ 151 milh\u00f5es, j\u00e1 a Habita\u00e7\u00e3o, receber\u00e1 investimentos de R$ 244,5 milh\u00f5es e a Assist\u00eancia Social, R$ 27,6 milh\u00f5es. A seguran\u00e7a p\u00fablica ter\u00e1 verbas de R29,6 milh\u00f5es, a secretaria de Manuten\u00e7\u00e3o, R$ 38 milh\u00f5es e Transporte e Mobilidade Urbana, R$ 32 milh\u00f5es.<br \/>\nA secretaria de Esporte e Lazer receber\u00e1 investimentos estimados em R$ 24,6 milh\u00f5es. Para a Cultura a verba destinada \u00e9 de R$ 7 milh\u00f5es. Para a pasta do Desenvolvimento Econ\u00f4mico R$ 11 milh\u00f5es.<br \/>\nPara reserva de conting\u00eancia foi destinado R$ 52,2 milh\u00f5es. J\u00e1 para as emendas impositivas, cada um dos 13 vereadores ter\u00e1 um valor estimado de R$ 888 mil para indicar e realizar obras pela cidade.<\/p>\n<p>*fonte: O Taboanense \/\/ *foto: Ian Freitas e Leandro Barreira<\/p>\n","protected":false},"excerpt":{"rendered":"<p>Os vereadores de Tabo\u00e3o da Serra aprovaram na \u00faltima ter\u00e7a-feira, dia 17\/01, em segunda vota\u00e7\u00e3o, o Or\u00e7amento Municipal para 2023,<\/p>\n","protected":false},"author":3,"featured_media":5956,"comment_status":"open","ping_status":"open","sticky":false,"template":"","format":"standard","meta":{"footnotes":""},"categories":[1,4,10],"tags":[],"class_list":["post-5955","post","type-post","status-publish","format-standard","has-post-thumbnail","hentry","category-destaque","category-noticias","category-taboao-da-serra"],"_links":{"self":[{"href":"https:\/\/folhadopirajucara.com.br\/index.php\/wp-json\/wp\/v2\/posts\/5955"}],"collection":[{"href":"https:\/\/folhadopirajucara.com.br\/index.php\/wp-json\/wp\/v2\/posts"}],"about":[{"href":"https:\/\/folhadopirajucara.com.br\/index.php\/wp-json\/wp\/v2\/types\/post"}],"author":[{"embeddable":true,"href":"https:\/\/folhadopirajucara.com.br\/index.php\/wp-json\/wp\/v2\/users\/3"}],"replies":[{"embeddable":true,"href":"https:\/\/folhadopirajucara.com.br\/index.php\/wp-json\/wp\/v2\/comments?post=5955"}],"version-history":[{"count":1,"href":"https:\/\/folhadopirajucara.com.br\/index.php\/wp-json\/wp\/v2\/posts\/5955\/revisions"}],"predecessor-version":[{"id":5958,"href":"https:\/\/folhadopirajucara.com.br\/index.php\/wp-json\/wp\/v2\/posts\/5955\/revisions\/5958"}],"wp:featuredmedia":[{"embeddable":true,"href":"https:\/\/folhadopirajucara.com.br\/index.php\/wp-json\/wp\/v2\/media\/5956"}],"wp:attachment":[{"href":"https:\/\/folhadopirajucara.com.br\/index.php\/wp-json\/wp\/v2\/media?parent=5955"}],"wp:term":[{"taxonomy":"category","embeddable":true,"href":"https:\/\/folhadopirajucara.com.br\/index.php\/wp-json\/wp\/v2\/categories?post=5955"},{"taxonomy":"post_tag","embeddable":true,"href":"https:\/\/folhadopirajucara.com.br\/index.php\/wp-json\/wp\/v2\/tags?post=5955"}],"curies":[{"name":"wp","href":"https:\/\/api.w.org\/{rel}","templated":true}]}}