{"id":5964,"date":"2023-01-24T12:21:06","date_gmt":"2023-01-24T15:21:06","guid":{"rendered":"http:\/\/folhadopirajucara.com.br\/?p=5964"},"modified":"2023-01-24T12:21:06","modified_gmt":"2023-01-24T15:21:06","slug":"taboao-da-serra-celebra-semana-da-visibilidade-trans-com-uma-campanha-especial","status":"publish","type":"post","link":"https:\/\/folhadopirajucara.com.br\/index.php\/2023\/01\/24\/taboao-da-serra-celebra-semana-da-visibilidade-trans-com-uma-campanha-especial\/","title":{"rendered":"Tabo\u00e3o da Serra celebra semana da visibilidade Trans com uma campanha especial"},"content":{"rendered":"<blockquote>\n<p style=\"text-align: center;\"><strong><em>Durante toda a semana, as redes do munic\u00edpio v\u00e3o contar com depoimentos de membros da comunidade trans<\/em><\/strong><\/p>\n<\/blockquote>\n<p>&nbsp;<\/p>\n<p>A Prefeitura de Tabo\u00e3o da Serra aproveita a \u00faltima semana de janeiro, per\u00edodo da visibilidade transexual, para combater a transfobia. Nos dias 26, 27, 28 e 29\/01, dia Nacional da Visibilidade Trans, as redes sociais oficiais do munic\u00edpio v\u00e3o ter v\u00eddeos com depoimentos de pessoas trans e travestis para desmistificar estigmas.<\/p>\n<p>O munic\u00edpio est\u00e1 comprometido com o bem-estar de toda a popula\u00e7\u00e3o LGBTQIAPN+ e desde o in\u00edcio da gest\u00e3o atual promove a\u00e7\u00f5es e campanhas a favor desse p\u00fablico.<\/p>\n<p>Em 2022, foi inaugurado o N\u00facleo de Cuidado para Pessoas Trans e Travestis (NUCPTT) de Tabo\u00e3o da Serra, que presta servi\u00e7os de assist\u00eancia social, psicologia, psiquiatria, ginecologia e de endocrinologia para essa popula\u00e7\u00e3o. As a\u00e7\u00f5es do n\u00facleo acontecem no 1\u00b0 e 3\u00b0 s\u00e1bado de cada m\u00eas no Centro de Especialidades M\u00e9dicas, e atualmente o servi\u00e7o de sa\u00fade desempenha esse papel humanizado na vida de 106 pacientes.<\/p>\n<p>A coordenadora do NUCPTT, Bruna Soares, destaca a import\u00e2ncia do trabalho da Prefeitura. \u201cO N\u00facleo Trans, com a iniciativa do governo, trouxe representatividade para os nossos usu\u00e1rios. \u00c9 um local onde eles se sentem acolhidos e representados, j\u00e1 que t\u00eam acompanhamento e n\u00e3o est\u00e3o mais \u00e0 merc\u00ea da sociedade. A gente agora tem um servi\u00e7o que faz todo um acompanhamento com profissionais capacitados\u201d, afirma.<\/p>\n<p>O prefeito Apr\u00edgio afirma que na sua gest\u00e3o a democratiza\u00e7\u00e3o da cidadania a partes esquecidas da popula\u00e7\u00e3o \u00e9 um desejo. \u201cTabo\u00e3o da Serra \u00e9 uma cidade de todos e para todos, independente de cor, g\u00eanero, sexualidade ou classe social, todos os taboanenses devem ser tratados com respeito e dignidade. Essa semana da visibilidade trans vem para que essa comunidade do munic\u00edpio tenha a consolida\u00e7\u00e3o de direitos\u201d, conclui.<\/p>\n<p>&nbsp;<\/p>\n<p style=\"text-align: center;\"><strong>Servi\u00e7o<\/strong><\/p>\n<p>N\u00facleo de Cuidado para Pessoas Trans e Travestis de Tabo\u00e3o da Serra (NUCPTT)<\/p>\n<p>Endere\u00e7o: Centro de Especialidades M\u00e9dicas, Avenida Armando Andrade, 741 &#8211; Parque Santos Dumont<\/p>\n<p>E-mail: nucleo.tt.@ts.sp.gov.br<\/p>\n<p>Telefone: (11) 4788-5626<\/p>\n<p>&nbsp;<\/p>\n<p>*por:\u00a0Suelyton Viana, sob supervis\u00e3o de Renata Gomes<\/p>\n","protected":false},"excerpt":{"rendered":"<p>Durante toda a semana, as redes do munic\u00edpio v\u00e3o contar com depoimentos de membros da comunidade trans &nbsp; A Prefeitura<\/p>\n","protected":false},"author":3,"featured_media":5965,"comment_status":"open","ping_status":"open","sticky":false,"template":"","format":"standard","meta":{"footnotes":""},"categories":[1,4,10],"tags":[],"class_list":["post-5964","post","type-post","status-publish","format-standard","has-post-thumbnail","hentry","category-destaque","category-noticias","category-taboao-da-serra"],"_links":{"self":[{"href":"https:\/\/folhadopirajucara.com.br\/index.php\/wp-json\/wp\/v2\/posts\/5964"}],"collection":[{"href":"https:\/\/folhadopirajucara.com.br\/index.php\/wp-json\/wp\/v2\/posts"}],"about":[{"href":"https:\/\/folhadopirajucara.com.br\/index.php\/wp-json\/wp\/v2\/types\/post"}],"author":[{"embeddable":true,"href":"https:\/\/folhadopirajucara.com.br\/index.php\/wp-json\/wp\/v2\/users\/3"}],"replies":[{"embeddable":true,"href":"https:\/\/folhadopirajucara.com.br\/index.php\/wp-json\/wp\/v2\/comments?post=5964"}],"version-history":[{"count":1,"href":"https:\/\/folhadopirajucara.com.br\/index.php\/wp-json\/wp\/v2\/posts\/5964\/revisions"}],"predecessor-version":[{"id":5966,"href":"https:\/\/folhadopirajucara.com.br\/index.php\/wp-json\/wp\/v2\/posts\/5964\/revisions\/5966"}],"wp:featuredmedia":[{"embeddable":true,"href":"https:\/\/folhadopirajucara.com.br\/index.php\/wp-json\/wp\/v2\/media\/5965"}],"wp:attachment":[{"href":"https:\/\/folhadopirajucara.com.br\/index.php\/wp-json\/wp\/v2\/media?parent=5964"}],"wp:term":[{"taxonomy":"category","embeddable":true,"href":"https:\/\/folhadopirajucara.com.br\/index.php\/wp-json\/wp\/v2\/categories?post=5964"},{"taxonomy":"post_tag","embeddable":true,"href":"https:\/\/folhadopirajucara.com.br\/index.php\/wp-json\/wp\/v2\/tags?post=5964"}],"curies":[{"name":"wp","href":"https:\/\/api.w.org\/{rel}","templated":true}]}}