{"id":6035,"date":"2023-02-03T14:04:30","date_gmt":"2023-02-03T17:04:30","guid":{"rendered":"http:\/\/folhadopirajucara.com.br\/?p=6035"},"modified":"2023-02-05T14:08:00","modified_gmt":"2023-02-05T17:08:00","slug":"embu-das-artes-esta-aplicando-dose-de-reforco-em-criancas-de-5-a-11-anos","status":"publish","type":"post","link":"https:\/\/folhadopirajucara.com.br\/index.php\/2023\/02\/03\/embu-das-artes-esta-aplicando-dose-de-reforco-em-criancas-de-5-a-11-anos\/","title":{"rendered":"Embu das Artes est\u00e1 aplicando dose de refor\u00e7o em crian\u00e7as de 5 a 11 anos"},"content":{"rendered":"<p>Chegou a hora de imunizar com a dose de refor\u00e7o as crian\u00e7as. A Prefeitura de Embu das Artes iniciou, nessa\u00a0quinta-feira, 02\/02, a vacina\u00e7\u00e3o contra a covid-19 em crian\u00e7as de 5 a 11 anos, o\u00a0intervalo entre a segunda dose e o refor\u00e7o deve ser a partir de quatro meses. A imuniza\u00e7\u00e3o \u00e9 feita com a vacina pedi\u00e1trica da Pfizer (tampa laranja).<\/p>\n<p>A campanha Embu Imune Baby continua para crian\u00e7as de 6 meses a menores de 3 anos de idade, exclusivamente nas UBSs Centro e Santa Em\u00edlia, com a vacina Pfizer Baby (tampa vinho). Para ambas as doses, n\u00e3o h\u00e1 necessidade de agendamento, basta comparecer com os documentos pessoais da crian\u00e7a e do respons\u00e1vel.<\/p>\n<p>As doses estar\u00e3o dispon\u00edveis nos dois Polos de Vacina\u00e7\u00e3o, de segunda a s\u00e1bado, inclusive feriados, das 8h30 \u00e0s 18h30. Vacina salva vida! E lembre-se que mesmo vacinado, os cuidados continuam.<\/p>\n<p>Higienize frequentemente as m\u00e3os e use m\u00e1scara.<br \/>\nPolos de Vacina\u00e7\u00e3o:<\/p>\n<div class=\"google-auto-placed ap_container\">\n<article class=\" \">Est\u00e1dio Herm\u00ednio Esp\u00f3sito \u2013 Alameda Fernando Batista Medina, 120 \u2013 Centro<br \/>\nGin\u00e1sio Dom Jos\u00e9 \u2013 Rua Lorena, s\/n\u00ba \u2013 Jd. Dom Jos\u00e9<\/p>\n<\/article>\n<div id=\"M771160ScriptRootC1244353_070ae\">\n<div id=\"MarketGidComposite1244353_070ae\">\n<div>\n<div class=\"mgheader\">*por:\u00a0Mariana F\u00e9lix (Jornal na Net)<\/div>\n<\/div>\n<\/div>\n<\/div>\n<\/div>\n","protected":false},"excerpt":{"rendered":"<p>Chegou a hora de imunizar com a dose de refor\u00e7o as crian\u00e7as. A Prefeitura de Embu das Artes iniciou, nessa\u00a0quinta-feira,<\/p>\n","protected":false},"author":3,"featured_media":6036,"comment_status":"open","ping_status":"open","sticky":false,"template":"","format":"standard","meta":{"footnotes":""},"categories":[1,15,4],"tags":[],"class_list":["post-6035","post","type-post","status-publish","format-standard","has-post-thumbnail","hentry","category-destaque","category-embu-das-artes","category-noticias"],"_links":{"self":[{"href":"https:\/\/folhadopirajucara.com.br\/index.php\/wp-json\/wp\/v2\/posts\/6035"}],"collection":[{"href":"https:\/\/folhadopirajucara.com.br\/index.php\/wp-json\/wp\/v2\/posts"}],"about":[{"href":"https:\/\/folhadopirajucara.com.br\/index.php\/wp-json\/wp\/v2\/types\/post"}],"author":[{"embeddable":true,"href":"https:\/\/folhadopirajucara.com.br\/index.php\/wp-json\/wp\/v2\/users\/3"}],"replies":[{"embeddable":true,"href":"https:\/\/folhadopirajucara.com.br\/index.php\/wp-json\/wp\/v2\/comments?post=6035"}],"version-history":[{"count":1,"href":"https:\/\/folhadopirajucara.com.br\/index.php\/wp-json\/wp\/v2\/posts\/6035\/revisions"}],"predecessor-version":[{"id":6037,"href":"https:\/\/folhadopirajucara.com.br\/index.php\/wp-json\/wp\/v2\/posts\/6035\/revisions\/6037"}],"wp:featuredmedia":[{"embeddable":true,"href":"https:\/\/folhadopirajucara.com.br\/index.php\/wp-json\/wp\/v2\/media\/6036"}],"wp:attachment":[{"href":"https:\/\/folhadopirajucara.com.br\/index.php\/wp-json\/wp\/v2\/media?parent=6035"}],"wp:term":[{"taxonomy":"category","embeddable":true,"href":"https:\/\/folhadopirajucara.com.br\/index.php\/wp-json\/wp\/v2\/categories?post=6035"},{"taxonomy":"post_tag","embeddable":true,"href":"https:\/\/folhadopirajucara.com.br\/index.php\/wp-json\/wp\/v2\/tags?post=6035"}],"curies":[{"name":"wp","href":"https:\/\/api.w.org\/{rel}","templated":true}]}}