{"id":6041,"date":"2023-02-07T09:28:25","date_gmt":"2023-02-07T12:28:25","guid":{"rendered":"http:\/\/folhadopirajucara.com.br\/?p=6041"},"modified":"2023-02-07T11:23:21","modified_gmt":"2023-02-07T14:23:21","slug":"taboao-da-serra-andre-egidio-concede-primeira-entrevista-coletiva-como-presidente-da-camara-municipal","status":"publish","type":"post","link":"https:\/\/folhadopirajucara.com.br\/index.php\/2023\/02\/07\/taboao-da-serra-andre-egidio-concede-primeira-entrevista-coletiva-como-presidente-da-camara-municipal\/","title":{"rendered":"Tabo\u00e3o da Serra: Andr\u00e9 Egydio concede primeira entrevista coletiva como presidente da C\u00e2mara Municipal"},"content":{"rendered":"<blockquote>\n<h2 class=\"news-secondary\" style=\"text-align: center;\"><strong>Di\u00e1logo foi marcado por promessas de uma maior participa\u00e7\u00e3o popular, novos projetos e concilia\u00e7\u00e3o<\/strong><\/h2>\n<\/blockquote>\n<p>&nbsp;<\/p>\n<p><img loading=\"lazy\" decoding=\"async\" class=\"size-medium wp-image-6042 alignleft\" src=\"https:\/\/folhadopirajucara.com.br\/wp-content\/uploads\/2023\/02\/IMG_1673-300x200.jpg\" alt=\"\" width=\"300\" height=\"200\" srcset=\"https:\/\/folhadopirajucara.com.br\/wp-content\/uploads\/2023\/02\/IMG_1673-300x200.jpg 300w, https:\/\/folhadopirajucara.com.br\/wp-content\/uploads\/2023\/02\/IMG_1673-768x512.jpg 768w, https:\/\/folhadopirajucara.com.br\/wp-content\/uploads\/2023\/02\/IMG_1673-1024x683.jpg 1024w, https:\/\/folhadopirajucara.com.br\/wp-content\/uploads\/2023\/02\/IMG_1673.jpg 1080w\" sizes=\"(max-width: 300px) 100vw, 300px\" \/>O vereador Andr\u00e9 Egydio\u00a0(Podemos) reuniu ve\u00edculos e jornalistas na C\u00e2mara Municipal de Tabo\u00e3o da Serra\u00a0na tarde desta segunda feira 06\/02 para um di\u00e1logo aberto, respondendo perguntas e dando declara\u00e7\u00f5es sobre seus objetivos enquanto representante m\u00e1ximo do poder legislativo municipal.<\/p>\n<p>O primeiro tema discutido foi sobre a import\u00e2ncia no cumprimento \u00e0 risca do regimento interno, principalmente com rela\u00e7\u00e3o aos hor\u00e1rios das sess\u00f5es, tendo em vista que per\u00edodos mais longos de espera dificultam o trabalho da imprensa e uma maior participa\u00e7\u00e3o popular, outro assunto recorrente na conversa.<\/p>\n<p>\u201cN\u00e3o adianta s\u00f3 o presidente querer, precisamos ter um qu\u00f3rum m\u00ednimo para abrir a sess\u00e3o\u2026 Vou falar com os meus colegas, meus pares, para poder justamente obedecer este hor\u00e1rio, em respeito \u00e0 popula\u00e7\u00e3o de Tabo\u00e3o da Serra e \u00e0 imprensa\u201d, disse o Presidente.<\/p>\n<p>O processo eleitoral para a presid\u00eancia da C\u00e2mara inclusive foi marcado por algumas discord\u00e2ncias entre os parlamentares. Uma elei\u00e7\u00e3o estritamente justa que dividiu a casa e criou atritos entre poder Executivo x Legislativo. Tudo isso, segundo ele: \u201cs\u00e3o \u00e1guas passadas\u201d.<\/p>\n<p>Atrav\u00e9s de um projeto de sua autoria em parceria com a prefeitura de Tabo\u00e3o da Serra, Andr\u00e9 Egydio contou novidades sobre uma nova cl\u00ednica veterin\u00e1ria municipal, a \u201cCl\u00ednica Bob\u201d, uma homenagem \u00e0 um famoso cachorro conhecido pelos taboanenses. O projeto aguarda \u00e0 doa\u00e7\u00e3o do \u00faltimo ter\u00e7o do terreno para o in\u00edcio das obras.<\/p>\n<p>Na parte final da entrevista muitos questionaram a demora para o retorno das sess\u00f5es que de acordo com o regimento interno da casa deveria ser de 15 minutos. O Presidente se comprometeu em fazer valer o regimento, mas alertou que algumas cobran\u00e7as devem ser feitas respectivamente aos que n\u00e3o cumprirem, sem generaliza\u00e7\u00f5es.<\/p>\n<p>&nbsp;<\/p>\n<p>*fonte: O Taboanense<\/p>\n","protected":false},"excerpt":{"rendered":"<p>Di\u00e1logo foi marcado por promessas de uma maior participa\u00e7\u00e3o popular, novos projetos e concilia\u00e7\u00e3o &nbsp; O vereador Andr\u00e9 Egydio\u00a0(Podemos) reuniu<\/p>\n","protected":false},"author":3,"featured_media":6043,"comment_status":"open","ping_status":"open","sticky":false,"template":"","format":"standard","meta":{"footnotes":""},"categories":[1,4,10],"tags":[],"class_list":["post-6041","post","type-post","status-publish","format-standard","has-post-thumbnail","hentry","category-destaque","category-noticias","category-taboao-da-serra"],"_links":{"self":[{"href":"https:\/\/folhadopirajucara.com.br\/index.php\/wp-json\/wp\/v2\/posts\/6041"}],"collection":[{"href":"https:\/\/folhadopirajucara.com.br\/index.php\/wp-json\/wp\/v2\/posts"}],"about":[{"href":"https:\/\/folhadopirajucara.com.br\/index.php\/wp-json\/wp\/v2\/types\/post"}],"author":[{"embeddable":true,"href":"https:\/\/folhadopirajucara.com.br\/index.php\/wp-json\/wp\/v2\/users\/3"}],"replies":[{"embeddable":true,"href":"https:\/\/folhadopirajucara.com.br\/index.php\/wp-json\/wp\/v2\/comments?post=6041"}],"version-history":[{"count":2,"href":"https:\/\/folhadopirajucara.com.br\/index.php\/wp-json\/wp\/v2\/posts\/6041\/revisions"}],"predecessor-version":[{"id":6046,"href":"https:\/\/folhadopirajucara.com.br\/index.php\/wp-json\/wp\/v2\/posts\/6041\/revisions\/6046"}],"wp:featuredmedia":[{"embeddable":true,"href":"https:\/\/folhadopirajucara.com.br\/index.php\/wp-json\/wp\/v2\/media\/6043"}],"wp:attachment":[{"href":"https:\/\/folhadopirajucara.com.br\/index.php\/wp-json\/wp\/v2\/media?parent=6041"}],"wp:term":[{"taxonomy":"category","embeddable":true,"href":"https:\/\/folhadopirajucara.com.br\/index.php\/wp-json\/wp\/v2\/categories?post=6041"},{"taxonomy":"post_tag","embeddable":true,"href":"https:\/\/folhadopirajucara.com.br\/index.php\/wp-json\/wp\/v2\/tags?post=6041"}],"curies":[{"name":"wp","href":"https:\/\/api.w.org\/{rel}","templated":true}]}}