{"id":6105,"date":"2023-02-16T14:56:37","date_gmt":"2023-02-16T17:56:37","guid":{"rendered":"http:\/\/folhadopirajucara.com.br\/?p=6105"},"modified":"2023-02-16T14:56:55","modified_gmt":"2023-02-16T17:56:55","slug":"sessao-solene-comemora-64-anos-de-taboao-da-serra-e-homenageia-moradores-com-a-medalha-19-de-fevereiro","status":"publish","type":"post","link":"https:\/\/folhadopirajucara.com.br\/index.php\/2023\/02\/16\/sessao-solene-comemora-64-anos-de-taboao-da-serra-e-homenageia-moradores-com-a-medalha-19-de-fevereiro\/","title":{"rendered":"Sess\u00e3o Solene comemora 64 anos de Tabo\u00e3o da Serra e homenageia moradores com a Medalha 19 de Fevereiro"},"content":{"rendered":"<p>A C\u00e2mara Municipal realizou nesta quinta-feira, dia 15\/02, a Sess\u00e3o Solene em homenagem ao anivers\u00e1rio da cidade, que completa 64 anos no pr\u00f3ximo domingo, 19. Na ocasi\u00e3o foi entregue a Medalha 19 de Fevereiro, honraria alusiva a data de emancipa\u00e7\u00e3o do munic\u00edpio.<\/p>\n<p>A Sess\u00e3o Solene aconteceu no Plen\u00e1rio do Poder Legislativo que esteve lotado durante cerim\u00f4nia. O evento teve in\u00edcio \u00e0s 19h30 e ap\u00f3s a forma\u00e7\u00e3o da Mesa Diretora foram executados o Hino Nacional e o Hino de Tabo\u00e3o da Serra na voz do coral do M\u00fasico dos Futuros.<\/p>\n<p>Neste ano a cerim\u00f4nia apresentou algumas inova\u00e7\u00f5es. Al\u00e9m de apresenta\u00e7\u00f5es musicais na abertura do evento, um clipe em homenagem aos 64 anos de Tabo\u00e3o da Serra com imagens atuais e antigas da cidade, al\u00e9m de momentos marcantes da hist\u00f3ria.<\/p>\n<p>Para o presidente da C\u00e2mara Municipal, Dr. Andr\u00e9 da Sorriso, a Sess\u00e3o Solene, acima de comemorar e exaltar os 64 anos de Tabo\u00e3o da Serra, devolve aos moradores o sentimento de pertencimento. \u201cFoi uma festa linda, onde pudemos celebrar o anivers\u00e1rio de emancipa\u00e7\u00e3o pol\u00edtico-administrativa, al\u00e9m de render homenagens a 26 moradores, cidad\u00e3os, que contribuem com o crescimento de nossa querida Tabo\u00e3o da Serra\u201d, diz.<\/p>\n<p>O prefeito Apr\u00edgio participou da Sess\u00e3o Solene e falou sobre o crescimento da cidade nos \u00faltimos anos. Esse ano Tabo\u00e3o da Serra registrou seu maior Or\u00e7amento, passando a marca de R$ 1,5 bilh\u00e3o.<\/p>\n<p><em>\u201cTemos visto a chegada de diversas empresas, isso colabora com a gera\u00e7\u00e3o de empregos, com o aumento da renda e claro, com o desenvolvimento da nossa cidade. Teremos um calend\u00e1rio de inaugura\u00e7\u00f5es repleto de novidades em comemora\u00e7\u00e3o aos 64 anos de nossa cidade. Mesmo com muitas dificuldades, teremos um futuro promissor\u201d<\/em>, disse o prefeito Apr\u00edgio.<\/p>\n<p>O deputado estadual Eduardo N\u00f3brega parabenizou a cidade e disse que pretende trabalhar para trazer mais verbas e emendas, fomentando o crescimento, al\u00e9m de trazer servi\u00e7os do Governo do Estado. Ele assume seu mandato no pr\u00f3ximo dia 15 de mar\u00e7o.<\/p>\n<p><em>\u201cTabo\u00e3o da Serra \u00e9 uma cidade que eu conhe\u00e7o bem, cresci aqui no Parque Pinheiros, conheci minha esposa aqui, tive meus tr\u00eas filhos aqui. Enfim, fiz toda minha vida em Tabo\u00e3o da Serra, tenho um carinho e admira\u00e7\u00e3o enorme e nesses 64 anos fico muito feliz de poder fazer parte desse evento e me comprometo a sempre lutar pelo desenvolvimento do nosso munic\u00edpio\u201d<\/em>.<\/p>\n<p>Um dos homenageados, o secret\u00e1rio municipal de finan\u00e7as, Dr. Antonio Rodrigues, indicado pelo presidente da C\u00e2mara, Dr. Andr\u00e9 da Sorriso, disse que ficou emocionado ao saber que receberia a Medalha 19 de Fevereiro.\u00a0<em>\u201c\u00c9 sempre bom ter esse reconhecimento, ainda mais da cidade em que voc\u00ea nasceu, que conhe\u00e7o t\u00e3o bem e onde trabalho atualmente. Fico muito agradecido<\/em>\u201d, diz.<\/p>\n<p>Estiveram presentes na Sess\u00e3o Solene o vice-prefeito, Jos\u00e9 Vicente Buscarini e os secret\u00e1rios municipais Arnoldo Landiva (comunica\u00e7\u00e3o), Junior Eckstein (administra\u00e7\u00e3o), M\u00e1rio de Freitas (governo), Binho (cultura), Jos\u00e9 Vanderlei (transporte e mobilidade urbana), Nilc\u00edo Regueira (habita\u00e7\u00e3o), Alexandre Depieri (gest\u00e3o de pessoas), Dirce Takano (educa\u00e7\u00e3o), Jos\u00e9 Alberto Tarifa (sa\u00fade), al\u00e9m da ex-vereadora Arlete Silva.<\/p>\n<p>Os vereadores Alex Bodinho e Sandro Ayres n\u00e3o estavam presentes \u00e0 Sess\u00e3o Solene e seus homenageados v\u00e3o receber a Medalha 19 de Fevereiro em outra ocasi\u00e3o.<\/p>\n<p>Veja a lista dos homenageados com a Medalha 19 de Fevereiro:<\/p>\n<p>Edi\u00e7\u00e3o 2023<br \/>\nAnderson N\u00f3brega\u00a0homenageou:<br \/>\nYasmin Andrade Henrique \/ Pastora Ac\u00e1cia Aparecida de Souza Monteiro Borges<br \/>\nDr. Andr\u00e9 da Sorriso\u00a0homenageou:<br \/>\nAnt\u00f4nio Rodrigues do Nascimento \/ Ana Cristina Hildebrand C\u00e2mara<br \/>\nCarlinhos do Leme\u00a0homenageou:<br \/>\nPastora Vera L\u00facia Cardoso de Souza \/ Ananias Fernandes de Almeida<br \/>\nGallo\u00a0homenageou:<br \/>\nCaio Cesar Lanfredini \/ Paulo Santos Silva<br \/>\n\u00c9rica Franquini\u00a0homenageou:<br \/>\nJo\u00e3o Borges \/ Niraldo Sebasti\u00e3o da Silva<br \/>\nJoice Silva\u00a0homenageou:<br \/>\nMaria da Concei\u00e7\u00e3o Oliveira Cerqueira \/ Dr. Jorge Robortela<br \/>\nLuzia Apr\u00edgio\u00a0homenageou:<br \/>\nAgnaldo Santos Motas Alves \/ Adalberto de Carvalho Graciano<br \/>\nNezito\u00a0homenageou:<br \/>\nRicardo da Silva Pinto \/ Ricardo Tadeu da Silva<br \/>\nMarcos Paulo de Oliveira-Paulinho\u00a0homenageou:<br \/>\nLuiz Leonel Vieira \/ Pastor Cl\u00e1udio M\u00e1rcio<br \/>\nEnfermeiro Rodney\u00a0homenageou:<br \/>\nEwerton Ferrer de Ara\u00fajo Oliveira \/ Emanoele Vicente Sobrinho<br \/>\nDr. Ronaldo Onishi\u00a0homenageou:<br \/>\nFrancisco Darlyn Nascimento Silva \/ Felipe da Silva Paglia<br \/>\nSandro Ayres\u00a0homenageou:<br \/>\nAnt\u00f4nio Cruz de Jesus \u201cGibi\u201d \/ Simone Gomes de Moura<br \/>\nAlex Bodinho\u00a0homenageou:<br \/>\nItamar do Nascimento Faria \/ Jos\u00e9 C\u00edcero Anast\u00e1cio da Silva<\/p>\n<p>&nbsp;<\/p>\n<p>*fonte: Assessoria de Imprensa CMTS<\/p>\n","protected":false},"excerpt":{"rendered":"<p>A C\u00e2mara Municipal realizou nesta quinta-feira, dia 15\/02, a Sess\u00e3o Solene em homenagem ao anivers\u00e1rio da cidade, que completa 64<\/p>\n","protected":false},"author":3,"featured_media":6106,"comment_status":"open","ping_status":"open","sticky":false,"template":"","format":"standard","meta":{"footnotes":""},"categories":[1,4,10],"tags":[],"class_list":["post-6105","post","type-post","status-publish","format-standard","has-post-thumbnail","hentry","category-destaque","category-noticias","category-taboao-da-serra"],"_links":{"self":[{"href":"https:\/\/folhadopirajucara.com.br\/index.php\/wp-json\/wp\/v2\/posts\/6105"}],"collection":[{"href":"https:\/\/folhadopirajucara.com.br\/index.php\/wp-json\/wp\/v2\/posts"}],"about":[{"href":"https:\/\/folhadopirajucara.com.br\/index.php\/wp-json\/wp\/v2\/types\/post"}],"author":[{"embeddable":true,"href":"https:\/\/folhadopirajucara.com.br\/index.php\/wp-json\/wp\/v2\/users\/3"}],"replies":[{"embeddable":true,"href":"https:\/\/folhadopirajucara.com.br\/index.php\/wp-json\/wp\/v2\/comments?post=6105"}],"version-history":[{"count":2,"href":"https:\/\/folhadopirajucara.com.br\/index.php\/wp-json\/wp\/v2\/posts\/6105\/revisions"}],"predecessor-version":[{"id":6108,"href":"https:\/\/folhadopirajucara.com.br\/index.php\/wp-json\/wp\/v2\/posts\/6105\/revisions\/6108"}],"wp:featuredmedia":[{"embeddable":true,"href":"https:\/\/folhadopirajucara.com.br\/index.php\/wp-json\/wp\/v2\/media\/6106"}],"wp:attachment":[{"href":"https:\/\/folhadopirajucara.com.br\/index.php\/wp-json\/wp\/v2\/media?parent=6105"}],"wp:term":[{"taxonomy":"category","embeddable":true,"href":"https:\/\/folhadopirajucara.com.br\/index.php\/wp-json\/wp\/v2\/categories?post=6105"},{"taxonomy":"post_tag","embeddable":true,"href":"https:\/\/folhadopirajucara.com.br\/index.php\/wp-json\/wp\/v2\/tags?post=6105"}],"curies":[{"name":"wp","href":"https:\/\/api.w.org\/{rel}","templated":true}]}}