{"id":6135,"date":"2023-02-25T14:30:45","date_gmt":"2023-02-25T17:30:45","guid":{"rendered":"http:\/\/folhadopirajucara.com.br\/?p=6135"},"modified":"2023-02-25T14:31:07","modified_gmt":"2023-02-25T17:31:07","slug":"taboao-da-serra-inicia-na-segunda-27-02-aplicacao-da-vacina-bivalente-contra-covid-19-em-grupos-prioritarios","status":"publish","type":"post","link":"https:\/\/folhadopirajucara.com.br\/index.php\/2023\/02\/25\/taboao-da-serra-inicia-na-segunda-27-02-aplicacao-da-vacina-bivalente-contra-covid-19-em-grupos-prioritarios\/","title":{"rendered":"Tabo\u00e3o da Serra inicia na segunda, 27\/02, aplica\u00e7\u00e3o da vacina bivalente contra Covid-19 em grupos priorit\u00e1rios"},"content":{"rendered":"<blockquote>\n<p style=\"text-align: center;\"><strong><em>Vacina\u00e7\u00e3o acontece de segunda a sexta-feira, das 08h \u00e0s 16h, nas 13 Unidades B\u00e1sicas de Sa\u00fade<\/em><\/strong><\/p>\n<\/blockquote>\n<p>&nbsp;<\/p>\n<p>A Secretaria Municipal de Tabo\u00e3o da Serra inicia na pr\u00f3xima segunda-feira, 27\/02, a aplica\u00e7\u00e3o da vacina bivalente contra Covid-19 em idosos acima de 70 anos; pessoas vivendo em Institui\u00e7\u00f5es de Longa Perman\u00eancia (ILPI\u2019s) a partir de 12 anos, abrigados e os trabalhadores dessas institui\u00e7\u00f5es; imunocomprometidos; comunidades ind\u00edgenas, ribeirinhas e quilombolas. A vacina\u00e7\u00e3o acontece de segunda a sexta-feira, das 08h \u00e0s 16h, nas 13 Unidades B\u00e1sicas de Sa\u00fade (UBSs).<\/p>\n<p>Para receber a vacina bivalente, as pessoas dos grupos priorit\u00e1rios devem ter recebido a dose de refor\u00e7o h\u00e1 quatro meses ou mais, apresentar comprovante de vacina\u00e7\u00e3o, documento oficial com foto e cart\u00e3o do SUS. O uso de m\u00e1scara de prote\u00e7\u00e3o facial segue obrigat\u00f3rio em unidades de sa\u00fade.<\/p>\n<p>\u201cA vacina\u00e7\u00e3o desses grupos priorit\u00e1rios garantir\u00e1 ainda mais prote\u00e7\u00e3o contra a Covid-19, a variante \u00f4micron e seus subtipos. A luta contra o novo coronav\u00edrus ainda n\u00e3o acabou, por isso \u00e9 primordial que toda popula\u00e7\u00e3o esteja com a vacina\u00e7\u00e3o em dia e n\u00e3o esque\u00e7a de manter os h\u00e1bitos de prote\u00e7\u00e3o \u00e0 Covid-19\u201d, explica o secret\u00e1rio de Sa\u00fade, Jos\u00e9 Alberto Tarifa.<\/p>\n<p>A vacina Pfizer bivalente \u00e9 uma vers\u00e3o atualizada dos imunizantes j\u00e1 existentes contra a Covid-19 e pode oferecer uma prote\u00e7\u00e3o maior contra as novas variantes da \u00d4micron. A popula\u00e7\u00e3o apta a receber a vacina ser\u00e1 ampliada de acordo com a chegada de novas doses.<\/p>\n<p>At\u00e9 o in\u00edcio da tarde desta sexta-feira, 24\/02, Tabo\u00e3o da Serra j\u00e1 aplicou 760.303 doses de vacinas contra a Covid-19, segundo dados do portal Vacina J\u00e1 do Governo Estadual. Da popula\u00e7\u00e3o imunizada, 83,98% est\u00e1 com o esquema vacinal completo.<\/p>\n<p>&nbsp;<\/p>\n<p><strong>Quem pode ser vacinado contra Covid-19:<\/strong><\/p>\n<p>1\u00aa dose \u2013 Pessoas a partir dos 6 meses;<\/p>\n<p>2\u00aa dose \u2013 maiores de 3 anos;<\/p>\n<p>3\u00aa dose \u2013 maiores de 12 anos;<\/p>\n<p>4\u00aa dose \u2013 maiores de 18 anos;<\/p>\n<p>5\u00aa dose \u2013 maiores de 18 anos com alto grau de imunossupress\u00e3o<\/p>\n<p>Bivalente \u2013 a partir de 27\/02 &#8211; idosos acima de 70 anos; pessoas vivendo em Institui\u00e7\u00f5es de Longa Perman\u00eancia (ILPI\u2019s) a partir de 12 anos, abrigados e os trabalhadores dessas institui\u00e7\u00f5es; imunocomprometidos; comunidades ind\u00edgenas, ribeirinhas e quilombolas<\/p>\n<p>&nbsp;<\/p>\n<p><strong>Locais de Vacina\u00e7\u00e3o:<\/strong><\/p>\n<p>&nbsp;<\/p>\n<p>UBS Dra. Maria Jos\u00e9 de Albuquerque \u2013 Rua Jos\u00e9 Mari, 13 \u2013 Pq. Assun\u00e7\u00e3o<\/p>\n<p>UBS Oliveiras\/Marab\u00e1 \u2013 Rua Maria In\u00eas, 34 \u2013 Jd. das Oliveiras<\/p>\n<p>UBS Jd. Margaridas \u2013 Rua Paulo Augusto de Andrade, n\u00ba 400 \u2013 Jd. Margaridas<\/p>\n<p>UBS Santo Onofre \u2013 Rua Marechal Artur Costa e Silva, n\u00ba 85 \u2013 Piraju\u00e7ara<\/p>\n<p>UBS Silvio Sampaio \u2013 Rua Enaura Maria da Concei\u00e7\u00e3o, n\u00ba 276 \u2013 Jd. Silvio Sampaio<\/p>\n<p>UBS Santa Cec\u00edlia \u2013 Rua Henrique de Moraes Camargo, n\u00ba 143 \u2013 Jd. Santa Cec\u00edlia<\/p>\n<p>UBS Jd. Suin\u00e1 \u2013 Rua Albano Leite da Fonseca, n\u00ba 111 \u2013 Jd. Suin\u00e1<\/p>\n<p>UBS Parque Pinheiros \u2013 Av. Laurita Ortega Mari, 2131 \u2013 Pq. Pinheiros<\/p>\n<p>UBS Jd. Salete \u2013 Rua Constantino Dias Lopes, n\u00ba 181 \u2013 Jd. Salete<\/p>\n<p>UBS Record\/Ponte Alta \u2013 R. Imaru\u00ed, 47 \u2013 Jd. Record<\/p>\n<p>UBS Panorama \u2013 Rua Miguel Carlos Silva, 380 \u2013 Jd. Panorama<\/p>\n<p>UBS Dra. T\u00e2nia Regina dos Santos \u2013 Rua Uruguai, n\u00ba 73 \u2013 Jd. Am\u00e9rica<\/p>\n<p>UBS Clementino \u2013 Rua Tsuruki Tsuno, 104 \u2013 Jd. Clementino<\/p>\n<p>&nbsp;<\/p>\n<p>*por:\u00a0Vera Sampaio<\/p>\n","protected":false},"excerpt":{"rendered":"<p>Vacina\u00e7\u00e3o acontece de segunda a sexta-feira, das 08h \u00e0s 16h, nas 13 Unidades B\u00e1sicas de Sa\u00fade &nbsp; A Secretaria Municipal<\/p>\n","protected":false},"author":3,"featured_media":6136,"comment_status":"open","ping_status":"open","sticky":false,"template":"","format":"standard","meta":{"footnotes":""},"categories":[1,4,10],"tags":[],"class_list":["post-6135","post","type-post","status-publish","format-standard","has-post-thumbnail","hentry","category-destaque","category-noticias","category-taboao-da-serra"],"_links":{"self":[{"href":"https:\/\/folhadopirajucara.com.br\/index.php\/wp-json\/wp\/v2\/posts\/6135"}],"collection":[{"href":"https:\/\/folhadopirajucara.com.br\/index.php\/wp-json\/wp\/v2\/posts"}],"about":[{"href":"https:\/\/folhadopirajucara.com.br\/index.php\/wp-json\/wp\/v2\/types\/post"}],"author":[{"embeddable":true,"href":"https:\/\/folhadopirajucara.com.br\/index.php\/wp-json\/wp\/v2\/users\/3"}],"replies":[{"embeddable":true,"href":"https:\/\/folhadopirajucara.com.br\/index.php\/wp-json\/wp\/v2\/comments?post=6135"}],"version-history":[{"count":2,"href":"https:\/\/folhadopirajucara.com.br\/index.php\/wp-json\/wp\/v2\/posts\/6135\/revisions"}],"predecessor-version":[{"id":6138,"href":"https:\/\/folhadopirajucara.com.br\/index.php\/wp-json\/wp\/v2\/posts\/6135\/revisions\/6138"}],"wp:featuredmedia":[{"embeddable":true,"href":"https:\/\/folhadopirajucara.com.br\/index.php\/wp-json\/wp\/v2\/media\/6136"}],"wp:attachment":[{"href":"https:\/\/folhadopirajucara.com.br\/index.php\/wp-json\/wp\/v2\/media?parent=6135"}],"wp:term":[{"taxonomy":"category","embeddable":true,"href":"https:\/\/folhadopirajucara.com.br\/index.php\/wp-json\/wp\/v2\/categories?post=6135"},{"taxonomy":"post_tag","embeddable":true,"href":"https:\/\/folhadopirajucara.com.br\/index.php\/wp-json\/wp\/v2\/tags?post=6135"}],"curies":[{"name":"wp","href":"https:\/\/api.w.org\/{rel}","templated":true}]}}