{"id":615,"date":"2018-09-14T11:48:39","date_gmt":"2018-09-14T13:48:39","guid":{"rendered":"http:\/\/folhadopirajucara.com.br\/?p=615"},"modified":"2018-09-14T11:48:39","modified_gmt":"2018-09-14T13:48:39","slug":"sao-lourenco-da-serra-participa-da-2a-semana-da-arvore-no-vale-do-ribeira","status":"publish","type":"post","link":"https:\/\/folhadopirajucara.com.br\/index.php\/2018\/09\/14\/sao-lourenco-da-serra-participa-da-2a-semana-da-arvore-no-vale-do-ribeira\/","title":{"rendered":"S\u00e3o Louren\u00e7o da Serra participa da 2\u00aa Semana da \u00c1rvore no Vale do Ribeira"},"content":{"rendered":"<p>A Prefeitura \u2013 em parceria com o Comit\u00ea da Bacia Hidrogr\u00e1fica do Vale do Ribeira \u2013 participar\u00e1 da 2\u00aa Semana da \u00c1rvore no Vale do Ribeira, com a 1\u00aa Trilha Educativa \u201cMata Atl\u00e2ntica, Nosso Lar\u201d, que integrar\u00e1 o calend\u00e1rio de comemora\u00e7\u00f5es da Semana da \u00c1rvore na regi\u00e3o.<\/p>\n<p>Participe e saiba mais sobre o bioma onde nosso munic\u00edpio est\u00e1 inserido! \u00c9 uma oportunidade de aprender sobre o meio ambiente, como preserv\u00e1-lo e os motivos para isso.<br \/>\nAproveite para fazer uma atividade leve de caminhada junto \u00e0 natureza, aprender e ser solid\u00e1rio.<\/p>\n<p>Traga amigos, fam\u00edlia e participe!<\/p>\n<p><strong>Local:<\/strong>\u00a0Cidade Administrativa \u2013 Sede da Prefeitura Municipal de S\u00e3o Louren\u00e7o da Serra<br \/>\nR. Onedina Maria de Camargo, 422 \u2013 Centro<br \/>\nS\u00e3o Louren\u00e7o da Serra\/SP<br \/>\n<strong>Data e hor\u00e1rio:<\/strong>\u00a022\/09 com in\u00edcio previsto para 9h.<\/p>\n<p>Colabore com 1kg de alimento n\u00e3o perec\u00edvel para ajudar as fam\u00edlias carentes do munic\u00edpio.<\/p>\n<p><strong>Mais informa\u00e7\u00f5es: (11) 4687-1035.<\/strong><\/p>\n<p>&nbsp;<\/p>\n<p><img loading=\"lazy\" decoding=\"async\" class=\"alignnone size-medium wp-image-616\" src=\"https:\/\/folhadopirajucara.com.br\/wp-content\/uploads\/2018\/09\/Semanda-da-Arvore-SLS-214x300.jpg\" alt=\"\" width=\"214\" height=\"300\" srcset=\"https:\/\/folhadopirajucara.com.br\/wp-content\/uploads\/2018\/09\/Semanda-da-Arvore-SLS-214x300.jpg 214w, https:\/\/folhadopirajucara.com.br\/wp-content\/uploads\/2018\/09\/Semanda-da-Arvore-SLS.jpg 684w\" sizes=\"(max-width: 214px) 100vw, 214px\" \/><\/p>\n","protected":false},"excerpt":{"rendered":"<p>A Prefeitura \u2013 em parceria com o Comit\u00ea da Bacia Hidrogr\u00e1fica do Vale do Ribeira \u2013 participar\u00e1 da 2\u00aa Semana<\/p>\n","protected":false},"author":3,"featured_media":617,"comment_status":"open","ping_status":"open","sticky":false,"template":"","format":"standard","meta":{"footnotes":""},"categories":[4,8],"tags":[],"class_list":["post-615","post","type-post","status-publish","format-standard","has-post-thumbnail","hentry","category-noticias","category-sao-lourenco"],"_links":{"self":[{"href":"https:\/\/folhadopirajucara.com.br\/index.php\/wp-json\/wp\/v2\/posts\/615"}],"collection":[{"href":"https:\/\/folhadopirajucara.com.br\/index.php\/wp-json\/wp\/v2\/posts"}],"about":[{"href":"https:\/\/folhadopirajucara.com.br\/index.php\/wp-json\/wp\/v2\/types\/post"}],"author":[{"embeddable":true,"href":"https:\/\/folhadopirajucara.com.br\/index.php\/wp-json\/wp\/v2\/users\/3"}],"replies":[{"embeddable":true,"href":"https:\/\/folhadopirajucara.com.br\/index.php\/wp-json\/wp\/v2\/comments?post=615"}],"version-history":[{"count":0,"href":"https:\/\/folhadopirajucara.com.br\/index.php\/wp-json\/wp\/v2\/posts\/615\/revisions"}],"wp:featuredmedia":[{"embeddable":true,"href":"https:\/\/folhadopirajucara.com.br\/index.php\/wp-json\/wp\/v2\/media\/617"}],"wp:attachment":[{"href":"https:\/\/folhadopirajucara.com.br\/index.php\/wp-json\/wp\/v2\/media?parent=615"}],"wp:term":[{"taxonomy":"category","embeddable":true,"href":"https:\/\/folhadopirajucara.com.br\/index.php\/wp-json\/wp\/v2\/categories?post=615"},{"taxonomy":"post_tag","embeddable":true,"href":"https:\/\/folhadopirajucara.com.br\/index.php\/wp-json\/wp\/v2\/tags?post=615"}],"curies":[{"name":"wp","href":"https:\/\/api.w.org\/{rel}","templated":true}]}}