{"id":6259,"date":"2023-03-17T09:06:33","date_gmt":"2023-03-17T12:06:33","guid":{"rendered":"http:\/\/folhadopirajucara.com.br\/?p=6259"},"modified":"2023-03-17T09:06:33","modified_gmt":"2023-03-17T12:06:33","slug":"buscarini-apresenta-demandas-da-saude-ao-governo-do-estado","status":"publish","type":"post","link":"https:\/\/folhadopirajucara.com.br\/index.php\/2023\/03\/17\/buscarini-apresenta-demandas-da-saude-ao-governo-do-estado\/","title":{"rendered":"Buscarini apresenta demandas da sa\u00fade ao Governo do Estado"},"content":{"rendered":"<h4><i>Vice-prefeito de Tabo\u00e3o da Serra, em comitiva do PSD, foi recebido pelo vice-governador, Fel\u00edcio Ramuth<\/i><\/h4>\n<p>O vice-prefeito de Tabo\u00e3o da Serra, Jos\u00e9 Vicente Buscarini, juntamente com uma comitiva municipal do PSD, \u00a0foram recebidos pelo vice-governador do Estado de S\u00e3o Paulo, Fel\u00edcio Ramuth, na tarde da \u00faltima sexta-feira.<\/p>\n<p>Na ocasi\u00e3o, Buscarini solicitou aten\u00e7\u00e3o a algumas reivindica\u00e7\u00f5es da popula\u00e7\u00e3o, tais como: um estudo para a amplia\u00e7\u00e3o do n\u00famero de leitos do Hospital Regional Piraju\u00e7ara, a possibilidade de abrir o Pronto-Socorro do hospital, uma vez que isso ajudaria, em muito o atendimento aos moradores de Tabo\u00e3o e tamb\u00e9m pediu que o novo governo que assumiu agora possa melhorar o atendimento aos pedidos de interna\u00e7\u00e3o via sistema Central de Regula\u00e7\u00e3o de Ofertas de Servi\u00e7os de Sa\u00fade \u2013 CROSS, que gerencia as vagas dispon\u00edveis.<\/p>\n<p><img loading=\"lazy\" decoding=\"async\" class=\"alignnone size-medium wp-image-6261 alignleft\" src=\"https:\/\/folhadopirajucara.com.br\/wp-content\/uploads\/2023\/03\/felicio-e-buscarini-e1679054782195-198x300.jpeg\" alt=\"\" width=\"198\" height=\"300\" srcset=\"https:\/\/folhadopirajucara.com.br\/wp-content\/uploads\/2023\/03\/felicio-e-buscarini-e1679054782195-198x300.jpeg 198w, https:\/\/folhadopirajucara.com.br\/wp-content\/uploads\/2023\/03\/felicio-e-buscarini-e1679054782195.jpeg 569w\" sizes=\"(max-width: 198px) 100vw, 198px\" \/><\/p>\n<p>\u201cFomos recebidos pelo vice-governador no Pal\u00e1cio dos Bandeirantes. Ele \u00e9 do meu partido, o PSD, e apresentamos essas solicita\u00e7\u00f5es em favor de Tabo\u00e3o da Serra\u201d, afirma Buscarini.<\/p>\n<p>A comitiva foi formada pelo vice-presidente do PSD de Tabo\u00e3o da Serra, o empres\u00e1rio Jo\u00e3o Luiz, pelo membro do partido, S\u00e9rgio Almeida e pelo assessor do vice-prefeito, Carlos Henrique.<\/p>\n<p>O vice-governador ouviu as demandas e se colocou \u00e0 disposi\u00e7\u00e3o para ajudar. Aproveitou para conversar com os membros do partido sobre as elei\u00e7\u00f5es municipais de 2024.<\/p>\n","protected":false},"excerpt":{"rendered":"<p>Vice-prefeito de Tabo\u00e3o da Serra, em comitiva do PSD, foi recebido pelo vice-governador, Fel\u00edcio Ramuth O vice-prefeito de Tabo\u00e3o da<\/p>\n","protected":false},"author":2,"featured_media":6260,"comment_status":"open","ping_status":"open","sticky":false,"template":"","format":"standard","meta":{"footnotes":""},"categories":[1,27,4,10],"tags":[58,55,62,57,63,60,56,61,59],"class_list":["post-6259","post","type-post","status-publish","format-standard","has-post-thumbnail","hentry","category-destaque","category-destaque-2","category-noticias","category-taboao-da-serra","tag-aprigio","tag-buscarini","tag-felicio-ramuth","tag-hospital-pirajucara","tag-jose-vicente-buscarini","tag-psd-taboao","tag-taboao-da-serra","tag-tarcisio","tag-vice-prefeito-buscarini"],"_links":{"self":[{"href":"https:\/\/folhadopirajucara.com.br\/index.php\/wp-json\/wp\/v2\/posts\/6259"}],"collection":[{"href":"https:\/\/folhadopirajucara.com.br\/index.php\/wp-json\/wp\/v2\/posts"}],"about":[{"href":"https:\/\/folhadopirajucara.com.br\/index.php\/wp-json\/wp\/v2\/types\/post"}],"author":[{"embeddable":true,"href":"https:\/\/folhadopirajucara.com.br\/index.php\/wp-json\/wp\/v2\/users\/2"}],"replies":[{"embeddable":true,"href":"https:\/\/folhadopirajucara.com.br\/index.php\/wp-json\/wp\/v2\/comments?post=6259"}],"version-history":[{"count":1,"href":"https:\/\/folhadopirajucara.com.br\/index.php\/wp-json\/wp\/v2\/posts\/6259\/revisions"}],"predecessor-version":[{"id":6262,"href":"https:\/\/folhadopirajucara.com.br\/index.php\/wp-json\/wp\/v2\/posts\/6259\/revisions\/6262"}],"wp:featuredmedia":[{"embeddable":true,"href":"https:\/\/folhadopirajucara.com.br\/index.php\/wp-json\/wp\/v2\/media\/6260"}],"wp:attachment":[{"href":"https:\/\/folhadopirajucara.com.br\/index.php\/wp-json\/wp\/v2\/media?parent=6259"}],"wp:term":[{"taxonomy":"category","embeddable":true,"href":"https:\/\/folhadopirajucara.com.br\/index.php\/wp-json\/wp\/v2\/categories?post=6259"},{"taxonomy":"post_tag","embeddable":true,"href":"https:\/\/folhadopirajucara.com.br\/index.php\/wp-json\/wp\/v2\/tags?post=6259"}],"curies":[{"name":"wp","href":"https:\/\/api.w.org\/{rel}","templated":true}]}}