{"id":6366,"date":"2023-04-24T08:07:03","date_gmt":"2023-04-24T11:07:03","guid":{"rendered":"http:\/\/folhadopirajucara.com.br\/?p=6366"},"modified":"2023-04-24T08:07:03","modified_gmt":"2023-04-24T11:07:03","slug":"itapecerica-da-serra-recebe-campeonato-paulista-de-judo","status":"publish","type":"post","link":"https:\/\/folhadopirajucara.com.br\/index.php\/2023\/04\/24\/itapecerica-da-serra-recebe-campeonato-paulista-de-judo\/","title":{"rendered":"Itapecerica da Serra recebe Campeonato Paulista de Jud\u00f4"},"content":{"rendered":"<p class=\"post-description\"><img loading=\"lazy\" decoding=\"async\" class=\"size-medium wp-image-6367 alignleft\" src=\"https:\/\/folhadopirajucara.com.br\/wp-content\/uploads\/2023\/04\/JUDO-2-300x200.jpg\" alt=\"\" width=\"300\" height=\"200\" srcset=\"https:\/\/folhadopirajucara.com.br\/wp-content\/uploads\/2023\/04\/JUDO-2-300x200.jpg 300w, https:\/\/folhadopirajucara.com.br\/wp-content\/uploads\/2023\/04\/JUDO-2-768x512.jpg 768w, https:\/\/folhadopirajucara.com.br\/wp-content\/uploads\/2023\/04\/JUDO-2.jpg 1024w\" sizes=\"(max-width: 300px) 100vw, 300px\" \/>Foi realizado neste s\u00e1bado, 22\/04, no Gin\u00e1sio de Esportes Antonio Baldusco, o Campeonato Paulista \u2013 Fase Inter Regional Divis\u00e3o Especial \u2013 Sub18 e Sub21, promovido pela 1\u00aa\u00a0 Delegacia\u00a0 Regional\u00a0 \u2013\u00a0 Capital\u00a0\u00a0 da\u00a0 Federa\u00e7\u00e3o\u00a0 Paulista\u00a0 de\u00a0 Jud\u00f4, com o apoio da Prefeitura Municipal, atrav\u00e9s da Secretaria de Esporte e Lazer.<\/p>\n<p>O evento contou com a presen\u00e7a do prefeito, Dr. Francisco Nakano; vice-prefeito, Rafael de Oliveira; secret\u00e1ria de Servi\u00e7os Urbanos, Regina Santos; secret\u00e1rio e Esporte e Lazer, Caio Riscala; vereadores: Cepacol (presidente da C\u00e2mara), F\u00e1bio Santana (vice-presidente); Gilberto (Giba) e Kinho Brito.<\/p>\n<p>&nbsp;<\/p>\n<p>&nbsp;<\/p>\n<p>*fonte: SECOM PMIS<\/p>\n<div data-grid=\"small-spacing center justify\"><\/div>\n","protected":false},"excerpt":{"rendered":"<p>Foi realizado neste s\u00e1bado, 22\/04, no Gin\u00e1sio de Esportes Antonio Baldusco, o Campeonato Paulista \u2013 Fase Inter Regional Divis\u00e3o Especial<\/p>\n","protected":false},"author":3,"featured_media":6368,"comment_status":"open","ping_status":"open","sticky":false,"template":"","format":"standard","meta":{"footnotes":""},"categories":[1,16,4],"tags":[],"class_list":["post-6366","post","type-post","status-publish","format-standard","has-post-thumbnail","hentry","category-destaque","category-itapecerica-da-serra","category-noticias"],"_links":{"self":[{"href":"https:\/\/folhadopirajucara.com.br\/index.php\/wp-json\/wp\/v2\/posts\/6366"}],"collection":[{"href":"https:\/\/folhadopirajucara.com.br\/index.php\/wp-json\/wp\/v2\/posts"}],"about":[{"href":"https:\/\/folhadopirajucara.com.br\/index.php\/wp-json\/wp\/v2\/types\/post"}],"author":[{"embeddable":true,"href":"https:\/\/folhadopirajucara.com.br\/index.php\/wp-json\/wp\/v2\/users\/3"}],"replies":[{"embeddable":true,"href":"https:\/\/folhadopirajucara.com.br\/index.php\/wp-json\/wp\/v2\/comments?post=6366"}],"version-history":[{"count":1,"href":"https:\/\/folhadopirajucara.com.br\/index.php\/wp-json\/wp\/v2\/posts\/6366\/revisions"}],"predecessor-version":[{"id":6369,"href":"https:\/\/folhadopirajucara.com.br\/index.php\/wp-json\/wp\/v2\/posts\/6366\/revisions\/6369"}],"wp:featuredmedia":[{"embeddable":true,"href":"https:\/\/folhadopirajucara.com.br\/index.php\/wp-json\/wp\/v2\/media\/6368"}],"wp:attachment":[{"href":"https:\/\/folhadopirajucara.com.br\/index.php\/wp-json\/wp\/v2\/media?parent=6366"}],"wp:term":[{"taxonomy":"category","embeddable":true,"href":"https:\/\/folhadopirajucara.com.br\/index.php\/wp-json\/wp\/v2\/categories?post=6366"},{"taxonomy":"post_tag","embeddable":true,"href":"https:\/\/folhadopirajucara.com.br\/index.php\/wp-json\/wp\/v2\/tags?post=6366"}],"curies":[{"name":"wp","href":"https:\/\/api.w.org\/{rel}","templated":true}]}}