{"id":6376,"date":"2023-07-28T21:41:09","date_gmt":"2023-07-29T00:41:09","guid":{"rendered":"http:\/\/folhadopirajucara.com.br\/?p=6376"},"modified":"2023-07-28T21:41:37","modified_gmt":"2023-07-29T00:41:37","slug":"quem-foi-luiza-mahin-e-a-revolta-dos-males","status":"publish","type":"post","link":"https:\/\/folhadopirajucara.com.br\/index.php\/2023\/07\/28\/quem-foi-luiza-mahin-e-a-revolta-dos-males\/","title":{"rendered":"Quem foi Lu\u00edza Mahin e a Revolta dos Mal\u00eas"},"content":{"rendered":"<p>Nascida em Costa Mina, na \u00c1frica, no in\u00edcio do s\u00e9culo XIX, Lu\u00edsa Mahin\u00a0foi trazida para o Brasil como escrava. Pertencente \u00e0 tribo\u00a0Mahi, da na\u00e7\u00e3o africana\u00a0Nag\u00f4, Lu\u00edsa esteve envolvida na articula\u00e7\u00e3o de todas as revoltas e levantes de escravos que sacudiram a ent\u00e3o Prov\u00edncia da Bahia nas primeiras d\u00e9cadas do s\u00e9culo XIX.<\/p>\n<p>Quituteira de profiss\u00e3o, de seu tabuleiro eram distribu\u00eddas as mensagens em \u00e1rabe, atrav\u00e9s dos meninos que pretensamente com ela adquiriam quitutes. Desse modo, esteve envolvida na Revolta dos Mal\u00eas (1835) e na Sabinada (1837-1838). Caso o levante dos mal\u00eas tivesse sido vitorioso, Lu\u00edsa teria sido reconhecida como Rainha da Bahia.<\/p>\n<p>Como negra africana, sempre recusou o batismo e a doutrina crist\u00e3, e um de seus filhos naturais, Lu\u00eds Gama (1830-1882), tornou-se poeta e um dos maiores abolicionista do Brasil. Descoberta, Lu\u00edsa foi perseguida, at\u00e9 fugir para o\u00a0Rio de Janeiro,\u00a0onde foi encontrada, detida e, possivelmente, deportada para\u00a0Angola,\u00a0N\u00e3o existe, entretanto, nenhum documento que comprove essa informa\u00e7\u00e3o.<\/p>\n<p style=\"text-align: center;\"><strong>Vida<\/strong><\/p>\n<p>Sua origem \u00e9 incerta, n\u00e3o se sabe se teria nascido na Costa Mina, na \u00c1frica, ou na Bahia.\u00a0Membro do povo ma\u00ed, de onde vem seu sobrenome, Lu\u00edsa Mahin comprou sua alforria em 1812. Livre, tornou-se quituteira em Salvador.\u00a0Ela teve um filho, o poeta e abolicionista\u00a0Lu\u00eds Gama, que a descreveu como uma mulher baixa, magra, bonita, de dentes &#8220;alv\u00edssimos, como a neve&#8221;, altiva, generosa, sofrida e vingativa.<\/p>\n<p>Lu\u00edsa esteve envolvida na articula\u00e7\u00e3o de todas as revoltas e levantes de escravos que sacudiram a ent\u00e3o Prov\u00edncia da Bahia\u00a0nas primeiras d\u00e9cadas do s\u00e9culo XIX. De seu tabuleiro, eram distribu\u00eddas as mensagens em \u00e1rabe, atrav\u00e9s dos meninos que pretensamente com ela adquiriam quitutes. Desse modo, esteve envolvida na Revolta dos Mal\u00eas (1835) e na Sabinada\u00a0(1837-1838).\u00a0Sua casa foi transformada no quartel general destas revoltas.<\/p>\n<p>Foi perseguida, logrando evadir-se para o Rio de Janeiro, onde foi encontrada, detida e, possivelmente, deportada para Angola,\u00a0de acordo com relatos de quem a conheceu. N\u00e3o existe, entretanto, nenhum documento que comprove essa informa\u00e7\u00e3o. Alguns autores acreditam que ela tenha conseguido fugir para o Maranh\u00e3o, onde, com sua influ\u00eancia, tenha sido desenvolvido o tambor da crioula.<\/p>\n<p>&nbsp;<\/p>\n<p style=\"text-align: center;\"><strong>Carta a L\u00facio de Mendon\u00e7a<\/strong><\/p>\n<p>&nbsp;<\/p>\n<p>L\u00facio de Mendon\u00e7a\u00a0foi um escritor e jornalista carioca. A seu pedido,\u00a0Lu\u00eds Gama\u00a0enviou uma carta autobiogr\u00e1fica intitulada\u00a0<em>Lances doridos<\/em>\u00a0em 25 de julho de 1880. A carta \u00e9 o \u00fanico documento que traz informa\u00e7\u00f5es sobre a m\u00e3e do abolicionista. Abaixo o trecho sobre Lu\u00edsa Mahin<\/p>\n<p><em>Sou filho natural de uma negra, africana livre, da Costa Mina (Nag\u00f4 de Na\u00e7\u00e3o), de nome Lu\u00edsa Mahin, pag\u00e3, que sempre recusou o batismo e a doutrina crist\u00e3.<\/em><\/p>\n<p><em>Minha m\u00e3e era baixa de estatura, magra, bonita, a cor era de um preto retinto e sem lustro, tinha os dentes alv\u00edssimos como a neve, era muito altiva, geniosa, insofrida e vingativa.<\/em><\/p>\n<p><em>Dava-se ao com\u00e9rcio \u2013 era quitandeira, muito laboriosa, e mais de uma vez, na Bahia, foi presa como suspeita de envolver-se em planos de insurrei\u00e7\u00f5es de escravos, que n\u00e3o tiveram efeito.<\/em><\/p>\n<p><em>Era dotada de atividade. Em 1837, depois da Revolu\u00e7\u00e3o do doutor Sabino, na Bahia, veio ela ao Rio de Janeiro, e nunca mais voltou. Procurei-a em 1847, em 1856, em 1861, na corte, sem que a pudesse encontrar. Em 1862, soube, por uns pretos minas, que a conheciam e que me deram sinais certos que ela, acompanhada com malungos desordeiros, em uma \u201ccasa de dar fortuna\u201d, em 1838, fora posta em pris\u00e3o; e que tanto ela como os seus companheiros desapareceram. Era opini\u00e3o dos meus informantes que esses \u201camotinados\u201d fossem mandados para fora pelo governo, que, nesse tempo, tratava rigorosamente os africanos livres, tidos como provocadores.<\/em><\/p>\n<p><em>Nada mais pude alcan\u00e7ar a respeito dela.<\/em><\/p>\n<p>&nbsp;<\/p>\n<p>Pesquisa : Jose Lucas (Folha do Piraju\u00e7ara)<br \/>\nFonte : https:\/\/pt.wikipedia.org<\/p>\n","protected":false},"excerpt":{"rendered":"<p>Nascida em Costa Mina, na \u00c1frica, no in\u00edcio do s\u00e9culo XIX, Lu\u00edsa Mahin\u00a0foi trazida para o Brasil como escrava. Pertencente<\/p>\n","protected":false},"author":3,"featured_media":5979,"comment_status":"open","ping_status":"open","sticky":false,"template":"","format":"standard","meta":{"footnotes":""},"categories":[1,54,4],"tags":[],"class_list":["post-6376","post","type-post","status-publish","format-standard","has-post-thumbnail","hentry","category-destaque","category-historias-afro-brasileiras","category-noticias"],"_links":{"self":[{"href":"https:\/\/folhadopirajucara.com.br\/index.php\/wp-json\/wp\/v2\/posts\/6376"}],"collection":[{"href":"https:\/\/folhadopirajucara.com.br\/index.php\/wp-json\/wp\/v2\/posts"}],"about":[{"href":"https:\/\/folhadopirajucara.com.br\/index.php\/wp-json\/wp\/v2\/types\/post"}],"author":[{"embeddable":true,"href":"https:\/\/folhadopirajucara.com.br\/index.php\/wp-json\/wp\/v2\/users\/3"}],"replies":[{"embeddable":true,"href":"https:\/\/folhadopirajucara.com.br\/index.php\/wp-json\/wp\/v2\/comments?post=6376"}],"version-history":[{"count":3,"href":"https:\/\/folhadopirajucara.com.br\/index.php\/wp-json\/wp\/v2\/posts\/6376\/revisions"}],"predecessor-version":[{"id":6790,"href":"https:\/\/folhadopirajucara.com.br\/index.php\/wp-json\/wp\/v2\/posts\/6376\/revisions\/6790"}],"wp:featuredmedia":[{"embeddable":true,"href":"https:\/\/folhadopirajucara.com.br\/index.php\/wp-json\/wp\/v2\/media\/5979"}],"wp:attachment":[{"href":"https:\/\/folhadopirajucara.com.br\/index.php\/wp-json\/wp\/v2\/media?parent=6376"}],"wp:term":[{"taxonomy":"category","embeddable":true,"href":"https:\/\/folhadopirajucara.com.br\/index.php\/wp-json\/wp\/v2\/categories?post=6376"},{"taxonomy":"post_tag","embeddable":true,"href":"https:\/\/folhadopirajucara.com.br\/index.php\/wp-json\/wp\/v2\/tags?post=6376"}],"curies":[{"name":"wp","href":"https:\/\/api.w.org\/{rel}","templated":true}]}}