{"id":6416,"date":"2023-04-27T13:45:58","date_gmt":"2023-04-27T16:45:58","guid":{"rendered":"http:\/\/folhadopirajucara.com.br\/?p=6416"},"modified":"2023-04-27T13:45:58","modified_gmt":"2023-04-27T16:45:58","slug":"itapecerica-promove-curso-de-producao-de-massas-artesanais","status":"publish","type":"post","link":"https:\/\/folhadopirajucara.com.br\/index.php\/2023\/04\/27\/itapecerica-promove-curso-de-producao-de-massas-artesanais\/","title":{"rendered":"Itapecerica promove curso de produ\u00e7\u00e3o de Massas Artesanais"},"content":{"rendered":"<article class=\" \">\n<p class=\"post-description\">Est\u00e3o abertas as inscri\u00e7\u00f5es para o curso de T\u00e9cnicas Para Cozinha Quente: Massas Artesanais, promovido pela Prefeitura de Itapecerica da Serra, por meio da Secretaria do Desenvolvimento Social e Rela\u00e7\u00f5es do Trabalho, em parceria com o Sebrae e o Senac.<\/p>\n<div data-grid=\"small-spacing center justify\">\n<p>A capacita\u00e7\u00e3o faz parte do Programa Empreenda R\u00e1pido e ser\u00e1 realizada entre os dias 23 e 31 de maio, de segunda a sexta-feira, das 8h \u00e0s 12h, no Banco de Alimentos, localizado na rua Fazenda Para\u00edso, 251, Parque Para\u00edso.<\/p>\n<p>H\u00e1 18 vagas dispon\u00edveis. Os interessados devem se inscrever no pr\u00f3prio local do curso. Mais informa\u00e7\u00f5es 4666-2025.<\/p>\n<\/div>\n<\/article>\n<div id=\"M771160ScriptRootC1244353_015a3\">\n<div id=\"MarketGidComposite1244353_015a3\">\n<div>\n<div class=\"mgheader\">*fonte: Secom PMIS<\/div>\n<\/div>\n<\/div>\n<\/div>\n","protected":false},"excerpt":{"rendered":"<p>Est\u00e3o abertas as inscri\u00e7\u00f5es para o curso de T\u00e9cnicas Para Cozinha Quente: Massas Artesanais, promovido pela Prefeitura de Itapecerica da<\/p>\n","protected":false},"author":3,"featured_media":6417,"comment_status":"open","ping_status":"open","sticky":false,"template":"","format":"standard","meta":{"footnotes":""},"categories":[1,16,4],"tags":[],"class_list":["post-6416","post","type-post","status-publish","format-standard","has-post-thumbnail","hentry","category-destaque","category-itapecerica-da-serra","category-noticias"],"_links":{"self":[{"href":"https:\/\/folhadopirajucara.com.br\/index.php\/wp-json\/wp\/v2\/posts\/6416"}],"collection":[{"href":"https:\/\/folhadopirajucara.com.br\/index.php\/wp-json\/wp\/v2\/posts"}],"about":[{"href":"https:\/\/folhadopirajucara.com.br\/index.php\/wp-json\/wp\/v2\/types\/post"}],"author":[{"embeddable":true,"href":"https:\/\/folhadopirajucara.com.br\/index.php\/wp-json\/wp\/v2\/users\/3"}],"replies":[{"embeddable":true,"href":"https:\/\/folhadopirajucara.com.br\/index.php\/wp-json\/wp\/v2\/comments?post=6416"}],"version-history":[{"count":1,"href":"https:\/\/folhadopirajucara.com.br\/index.php\/wp-json\/wp\/v2\/posts\/6416\/revisions"}],"predecessor-version":[{"id":6418,"href":"https:\/\/folhadopirajucara.com.br\/index.php\/wp-json\/wp\/v2\/posts\/6416\/revisions\/6418"}],"wp:featuredmedia":[{"embeddable":true,"href":"https:\/\/folhadopirajucara.com.br\/index.php\/wp-json\/wp\/v2\/media\/6417"}],"wp:attachment":[{"href":"https:\/\/folhadopirajucara.com.br\/index.php\/wp-json\/wp\/v2\/media?parent=6416"}],"wp:term":[{"taxonomy":"category","embeddable":true,"href":"https:\/\/folhadopirajucara.com.br\/index.php\/wp-json\/wp\/v2\/categories?post=6416"},{"taxonomy":"post_tag","embeddable":true,"href":"https:\/\/folhadopirajucara.com.br\/index.php\/wp-json\/wp\/v2\/tags?post=6416"}],"curies":[{"name":"wp","href":"https:\/\/api.w.org\/{rel}","templated":true}]}}