{"id":6421,"date":"2023-05-01T13:21:08","date_gmt":"2023-05-01T16:21:08","guid":{"rendered":"http:\/\/folhadopirajucara.com.br\/?p=6421"},"modified":"2023-05-02T13:27:16","modified_gmt":"2023-05-02T16:27:16","slug":"insurreicao-negra-de-sao-jose-de-queimados-um-marco-da-luta-pela-liberdade","status":"publish","type":"post","link":"https:\/\/folhadopirajucara.com.br\/index.php\/2023\/05\/01\/insurreicao-negra-de-sao-jose-de-queimados-um-marco-da-luta-pela-liberdade\/","title":{"rendered":"Insurrei\u00e7\u00e3o negra de S\u00e3o Jose de Queimados um marco da luta pela liberdade"},"content":{"rendered":"<blockquote>\n<p style=\"text-align: center;\"><strong>A constru\u00e7\u00e3o da igreja de Queimado foi o estopim da revolta<\/strong><\/p>\n<\/blockquote>\n<p>&nbsp;<\/p>\n<p>Em 19 de mar\u00e7o, Chico Prego, Jo\u00e3o da Vi\u00fava e Elisi\u00e1rio lideraram mais de 300 escravizados em revolta ap\u00f3s uma promessa n\u00e3o concretizada de liberdade feita pelo mission\u00e1rio italiano Greg\u00f3rio Jos\u00e9 Maria de Bene. O frei iria negociar a alforria daqueles que trabalharam na constru\u00e7\u00e3o de uma igreja inaugurada durante a festa de S\u00e3o Jos\u00e9. A repress\u00e3o foi violenta \u2013 fugitivos foram arrastados pelo ch\u00e3o por muitas l\u00e9guas -, mas alguns sobreviventes fundaram o Quilombo de Rosa d\u2019\u00c1gua em Cariacica.<\/p>\n<p>O dia 19 de mar\u00e7o de 1849 \u00e9 um dos mais significativos do calend\u00e1rio da cultura negra. Nesta data, aconteceu a\u00a0<em>Insurrei\u00e7\u00e3o do Queimado<\/em>, esse emblem\u00e1tico epis\u00f3dio da hist\u00f3ria afro-brasileira. E apesar dos escassos registros sobre o assunto, a data \u00e9 lembrada e celebrada, principalmente, no Estado do Esp\u00edrito Santo, onde ocorreu o grito de liberdade dos negros escravizados.<\/p>\n<p>Principal movimento contra a escravid\u00e3o ocorrido no Esp\u00edrito Santo, a\u00a0<em>Insurrei\u00e7\u00e3o do Queimado<\/em>\u00a0\u00e9 resultado da constru\u00e7\u00e3o de um processo pol\u00edtico de conquistas e foi um marco na hist\u00f3ria da negritude capixaba. Contam os pesquisadores que a revolta nasceu de uma promessa n\u00e3o concretizada de liberdade, feita pelo frei italiano Greg\u00f3rio Jos\u00e9 Maria de Bene aos escravos da localidade de S\u00e3o Jos\u00e9 do Queimado, hoje distrito do munic\u00edpio de Serra.<\/p>\n<p style=\"text-align: center;\"><strong>ESTOPIM<\/strong><\/p>\n<p>&nbsp;<\/p>\n<p>Tido como defensor dos ideais de liberdade, o mission\u00e1rio tinha interesses pol\u00edticos em construir uma igreja na regi\u00e3o, e teria garantido a negocia\u00e7\u00e3o da alforria com os donos de fazendas, em troca da constru\u00e7\u00e3o do templo pelos escravos. H\u00e1 relatos de que o frei n\u00e3o teria garantido nada, e, sim, prometido interceder junto aos fazendeiros para obter a concess\u00e3o da alforria. Consta, ainda, que ele realmente n\u00e3o admitia a escravid\u00e3o e que teria estabelecido uma estreita liga\u00e7\u00e3o com os escravos, o que preocupava e contrariava quem usava a m\u00e3o de obra escrava para enriquecer.<\/p>\n<p>O fato \u00e9 que o n\u00e3o cumprimento do que fora interpretado como uma promessa deflagrou uma rebeli\u00e3o. Relatos de descendentes dos sobreviventes apontam que mais de 300 homens, mulheres e at\u00e9 crian\u00e7as manifestaram o inconformismo \u2013 afinal, a igreja fora entregue pronta antes do dia de S\u00e3o Jos\u00e9, conforme combinado, e resultara de muito tempo de \u00e1rduo trabalho. Conta-se, tamb\u00e9m, que o templo foi constru\u00eddo com pedras divididas por tamanhos, e carregadas por longas dist\u00e2ncias e subidas \u00edngremes; as pedras pequenas, do tamanho de um punho, eram destinadas \u00e0s crian\u00e7as, algumas com apenas seis anos de idade.<\/p>\n<p style=\"text-align: center;\"><strong>VIOL\u00caNCIA<\/strong><\/p>\n<p>&nbsp;<\/p>\n<p>O movimento foi caracterizado por extrema viol\u00eancia, especialmente na conten\u00e7\u00e3o, por parte da Pol\u00edcia da Prov\u00edncia, e durou cinco dias, at\u00e9 a pris\u00e3o de seu principal l\u00edder, Elizi\u00e1rio Rangel. A maioria dos escravos foi brutalmente assassinada e seus corpos jogados na hoje chamada \u201cLagoa das Almas\u201d.<\/p>\n<p>Alguns sobreviventes foram para o munic\u00edpio de Cariacica, onde fundaram o Quilombo de Rosa d\u2019 \u00c1gua. Al\u00e9m de Elizi\u00e1rio, os outros l\u00edderes foram Francisco de S\u00e3o Jos\u00e9 (o \u201cChico Prego\u201d) e Jo\u00e3o Monteiro (o \u201cJo\u00e3o da Vi\u00fava\u201d). Chico Prego e Jo\u00e3o da Vi\u00fava foram enforcados, mas Elizi\u00e1rio protagonizou uma lend\u00e1ria fuga \u2013 saiu pela porta da cela deixada aberta \u2013, no que foi considerado pelos escravos como um milagre atribu\u00eddo a Nossa Senhora da Penha, padroeira do Esp\u00edrito Santo. Na verdade, o carcereiro, penalizado com os maus tratos impostos aos negros, confessou, depois, ter facilitado a fuga.<\/p>\n<p>Elisi\u00e1rio tornou-se uma lenda para os negros que sonhavam com a liberdade, e foi alcunhado como o \u201cZumbi da Serra\u201d, em alus\u00e3o ao her\u00f3i do Quilombo dos Palmares. Chico Prego ganhou est\u00e1tua em uma pra\u00e7a no munic\u00edpio da Serra, e seu nome batiza a Lei Municipal de Incentivo \u00e0 Cultura.<\/p>\n<p>&nbsp;<\/p>\n<p>*fonte:\u00a0https:\/\/www.palmares.gov.br\/<\/p>\n","protected":false},"excerpt":{"rendered":"<p>A constru\u00e7\u00e3o da igreja de Queimado foi o estopim da revolta &nbsp; Em 19 de mar\u00e7o, Chico Prego, Jo\u00e3o da<\/p>\n","protected":false},"author":3,"featured_media":6422,"comment_status":"open","ping_status":"open","sticky":false,"template":"","format":"standard","meta":{"footnotes":""},"categories":[1,54,4],"tags":[],"class_list":["post-6421","post","type-post","status-publish","format-standard","has-post-thumbnail","hentry","category-destaque","category-historias-afro-brasileiras","category-noticias"],"_links":{"self":[{"href":"https:\/\/folhadopirajucara.com.br\/index.php\/wp-json\/wp\/v2\/posts\/6421"}],"collection":[{"href":"https:\/\/folhadopirajucara.com.br\/index.php\/wp-json\/wp\/v2\/posts"}],"about":[{"href":"https:\/\/folhadopirajucara.com.br\/index.php\/wp-json\/wp\/v2\/types\/post"}],"author":[{"embeddable":true,"href":"https:\/\/folhadopirajucara.com.br\/index.php\/wp-json\/wp\/v2\/users\/3"}],"replies":[{"embeddable":true,"href":"https:\/\/folhadopirajucara.com.br\/index.php\/wp-json\/wp\/v2\/comments?post=6421"}],"version-history":[{"count":1,"href":"https:\/\/folhadopirajucara.com.br\/index.php\/wp-json\/wp\/v2\/posts\/6421\/revisions"}],"predecessor-version":[{"id":6423,"href":"https:\/\/folhadopirajucara.com.br\/index.php\/wp-json\/wp\/v2\/posts\/6421\/revisions\/6423"}],"wp:featuredmedia":[{"embeddable":true,"href":"https:\/\/folhadopirajucara.com.br\/index.php\/wp-json\/wp\/v2\/media\/6422"}],"wp:attachment":[{"href":"https:\/\/folhadopirajucara.com.br\/index.php\/wp-json\/wp\/v2\/media?parent=6421"}],"wp:term":[{"taxonomy":"category","embeddable":true,"href":"https:\/\/folhadopirajucara.com.br\/index.php\/wp-json\/wp\/v2\/categories?post=6421"},{"taxonomy":"post_tag","embeddable":true,"href":"https:\/\/folhadopirajucara.com.br\/index.php\/wp-json\/wp\/v2\/tags?post=6421"}],"curies":[{"name":"wp","href":"https:\/\/api.w.org\/{rel}","templated":true}]}}