{"id":6494,"date":"2023-05-26T11:46:16","date_gmt":"2023-05-26T14:46:16","guid":{"rendered":"http:\/\/folhadopirajucara.com.br\/?p=6494"},"modified":"2023-05-26T11:49:01","modified_gmt":"2023-05-26T14:49:01","slug":"aprigio-anuncia-inicio-das-obras-da-maior-clinica-veterinaria-publica-da-regiao-em-taboao-da-serra","status":"publish","type":"post","link":"https:\/\/folhadopirajucara.com.br\/index.php\/2023\/05\/26\/aprigio-anuncia-inicio-das-obras-da-maior-clinica-veterinaria-publica-da-regiao-em-taboao-da-serra\/","title":{"rendered":"Apr\u00edgio anuncia in\u00edcio das obras da maior Cl\u00ednica Veterin\u00e1ria P\u00fablica da regi\u00e3o em Tabo\u00e3o da Serra"},"content":{"rendered":"<blockquote>\n<p style=\"text-align: center;\"><strong><em>Espa\u00e7o ter\u00e1 664m\u00b2 de \u00e1rea constru\u00edda e oferecer\u00e1 desde consultas de rotina at\u00e9 procedimentos cirurgicos especializados<\/em><\/strong><\/p>\n<\/blockquote>\n<p>&nbsp;<\/p>\n<p>Tabo\u00e3o da Serra deu in\u00edcio a um novo marco na causa animal. Ap\u00f3s entregar o primeiro Castram\u00f3vel da cidade e o 1\u00ba Espa\u00e7o Pets Municipal, na sexta-feira, 19\/05, foram iniciadas as obras da maior Cl\u00ednica Veterin\u00e1ria P\u00fablica da Regi\u00e3o no munic\u00edpio. Com uma localiza\u00e7\u00e3o estrat\u00e9gica, em frente ao Centro de Controle de Zoonoses, na Rua Victor Campisi, no Parque Industrial das Oliveiras, a cl\u00ednica ter\u00e1 664m\u00b2 de \u00e1rea constru\u00edda e contar\u00e1 com um espa\u00e7o amplo e moderno, proporcionando atendimento digno aos animais.<\/p>\n<p>O an\u00fancio do in\u00edcio das obras contou com a presen\u00e7a de representantes de entidades de prote\u00e7\u00e3o animal do munic\u00edpio, protetoras independentes, al\u00e9m dos vereadores Dr. Andr\u00e9 da Sorriso, Anderson N\u00f3brega, Celso Gallo, Joice Silva, Luzia Apr\u00edgio e secret\u00e1rios municipais.<\/p>\n<p>O prefeito Apr\u00edgio recorda que a constru\u00e7\u00e3o \u00e9 um compromisso do Plano de Governo que\u00a0 proporcionar\u00e1 servi\u00e7os veterin\u00e1rios acess\u00edveis e de qualidade. \u201cEstou extremamente orgulhoso em anunciar o in\u00edcio das obras da Maior Cl\u00ednica Veterin\u00e1ria da regi\u00e3o em Tabo\u00e3o da Serra. Com esse empreendimento, refor\u00e7amos o nosso compromisso com o cuidado e bem-estar dos animais de estima\u00e7\u00e3o, proporcionando servi\u00e7os de excel\u00eancia e fortalecendo o v\u00ednculo entre as fam\u00edlias e seus companheiros peludos\u201d, afirmou.<\/p>\n<p>\u201cEssa conquista \u00e9 fruto de um trabalho incans\u00e1vel da nossa administra\u00e7\u00e3o em busca de uma cidade cada vez mais acolhedora e inclusiva. Juntos, estamos reconstruindo Tabo\u00e3o e construindo um futuro brilhante para a sa\u00fade animal em nossa querida cidade\u201d, completou o prefeito Apr\u00edgio.<\/p>\n<p>&nbsp;<\/p>\n<p style=\"text-align: center;\"><strong>Maior Cl\u00ednica Veterin\u00e1ria P\u00fablica da Regi\u00e3o<\/strong><\/p>\n<p>&nbsp;<\/p>\n<p>A Cl\u00ednica Veterin\u00e1ria P\u00fablica de Tabo\u00e3o da Serra, a maior da regi\u00e3o, est\u00e1 sendo constru\u00edda pelo Governo Municipal em parceria com uma construtora, atrav\u00e9s de um Relat\u00f3rio de Impacto de Vizinhan\u00e7a (RIV), uma \u00e1rea de 1.147m\u00b2.<\/p>\n<p>O projeto contempla uma ampla gama de \u00e1reas, incluindo recep\u00e7\u00e3o, salas de espera separada para c\u00e3es e gatos, sanit\u00e1rios, sala de infectologia, triagem, consult\u00f3rios, enfermagem, emerg\u00eancia, salas de raio-x, ultrassom, laudos, farm\u00e1cia e ambulat\u00f3rios dedicados para c\u00e3es e gatos.<\/p>\n<p>Al\u00e9m disso, a cl\u00ednica contar\u00e1 com sala de cirurgia, de esteriliza\u00e7\u00e3o, \u00e1rea de paramenta\u00e7\u00e3o,\u00a0 prepara\u00e7\u00e3o cir\u00fargica, lavanderia, expurgo e espa\u00e7os administrativos, visando oferecer um ambiente completo e seguro para o cuidado veterin\u00e1rio, e fortalecer\u00e1 a infraestrutura e os servi\u00e7os oferecidos \u00e0 popula\u00e7\u00e3o taboanense.<\/p>\n<p>&nbsp;<\/p>\n<p>*por: Vera Sampaio e Renata Gomes (SECOM-TS) *foto: Ian Freitas<\/p>\n","protected":false},"excerpt":{"rendered":"<p>Espa\u00e7o ter\u00e1 664m\u00b2 de \u00e1rea constru\u00edda e oferecer\u00e1 desde consultas de rotina at\u00e9 procedimentos cirurgicos especializados &nbsp; Tabo\u00e3o da Serra<\/p>\n","protected":false},"author":3,"featured_media":6497,"comment_status":"open","ping_status":"open","sticky":false,"template":"","format":"standard","meta":{"footnotes":""},"categories":[1,4,10],"tags":[],"class_list":["post-6494","post","type-post","status-publish","format-standard","has-post-thumbnail","hentry","category-destaque","category-noticias","category-taboao-da-serra"],"_links":{"self":[{"href":"https:\/\/folhadopirajucara.com.br\/index.php\/wp-json\/wp\/v2\/posts\/6494"}],"collection":[{"href":"https:\/\/folhadopirajucara.com.br\/index.php\/wp-json\/wp\/v2\/posts"}],"about":[{"href":"https:\/\/folhadopirajucara.com.br\/index.php\/wp-json\/wp\/v2\/types\/post"}],"author":[{"embeddable":true,"href":"https:\/\/folhadopirajucara.com.br\/index.php\/wp-json\/wp\/v2\/users\/3"}],"replies":[{"embeddable":true,"href":"https:\/\/folhadopirajucara.com.br\/index.php\/wp-json\/wp\/v2\/comments?post=6494"}],"version-history":[{"count":1,"href":"https:\/\/folhadopirajucara.com.br\/index.php\/wp-json\/wp\/v2\/posts\/6494\/revisions"}],"predecessor-version":[{"id":6496,"href":"https:\/\/folhadopirajucara.com.br\/index.php\/wp-json\/wp\/v2\/posts\/6494\/revisions\/6496"}],"wp:featuredmedia":[{"embeddable":true,"href":"https:\/\/folhadopirajucara.com.br\/index.php\/wp-json\/wp\/v2\/media\/6497"}],"wp:attachment":[{"href":"https:\/\/folhadopirajucara.com.br\/index.php\/wp-json\/wp\/v2\/media?parent=6494"}],"wp:term":[{"taxonomy":"category","embeddable":true,"href":"https:\/\/folhadopirajucara.com.br\/index.php\/wp-json\/wp\/v2\/categories?post=6494"},{"taxonomy":"post_tag","embeddable":true,"href":"https:\/\/folhadopirajucara.com.br\/index.php\/wp-json\/wp\/v2\/tags?post=6494"}],"curies":[{"name":"wp","href":"https:\/\/api.w.org\/{rel}","templated":true}]}}