{"id":6676,"date":"2023-07-01T13:59:44","date_gmt":"2023-07-01T16:59:44","guid":{"rendered":"http:\/\/folhadopirajucara.com.br\/?p=6676"},"modified":"2023-07-02T14:03:31","modified_gmt":"2023-07-02T17:03:31","slug":"prefeitura-de-embu-das-artes-abre-processo-seletivo-para-medicos","status":"publish","type":"post","link":"https:\/\/folhadopirajucara.com.br\/index.php\/2023\/07\/01\/prefeitura-de-embu-das-artes-abre-processo-seletivo-para-medicos\/","title":{"rendered":"Prefeitura de Embu das Artes abre processo seletivo para m\u00e9dicos"},"content":{"rendered":"<p>A\u00a0<strong>Prefeitura Municipal de Embu das Artes<\/strong>\u00a0abre inscri\u00e7\u00f5es para o\u00a0<strong>Processo Seletivo<\/strong>\u00a0para contrata\u00e7\u00e3o tempor\u00e1ria emergencial para as fun\u00e7\u00f5es: m\u00e9dico cl\u00ednico geral, m\u00e9dico pediatra, m\u00e9dico ginecologista, m\u00e9dico, plantonista e m\u00e9dico ortopedista.<\/p>\n<p>A inscri\u00e7\u00e3o dever\u00e1 ser efetuada das\u00a0<strong>10h do dia 30\/06\/2023 \u00e0s 16h do dia 03\/07\/2023<\/strong>\u00a0(per\u00edodo em que o boleto estar\u00e1 dispon\u00edvel), exclusivamente pela internet no site\u00a0<a title=\"\" href=\"https:\/\/inepam.org.br\/concurso\/concursoPaginaInterna.do?idInstituicao=14&amp;idConcurso=1\" target=\"_blank\" rel=\"noopener\">https:\/\/inepam.org.br\/concurso\/concursoPaginaInterna.do?idInstituicao=14&amp;idConcurso=1<\/a><\/p>\n<div class=\"wp-block-file\"><a href=\"http:\/\/cidadeembudasartes.sp.gov.br\/wp-content\/uploads\/2023\/06\/edital-Processo-Seletivo-01-23-1-1.pdf\">edital-Processo-Seletivo-01-23-1-1<\/a><\/div>\n<div><\/div>\n<div>*fonte:\u00a0<a href=\"http:\/\/cidadeembudasartes.sp.gov.br\/prefeitura-abre-processo-seletivo-para-medicos\/\">Prefeitura abre processo seletivo para m\u00e9dicos &#8211; Prefeitura da Est\u00e2ncia Tur\u00edstica de Embu das Artes (cidadeembudasartes.sp.gov.br)<\/a><\/div>\n","protected":false},"excerpt":{"rendered":"<p>A\u00a0Prefeitura Municipal de Embu das Artes\u00a0abre inscri\u00e7\u00f5es para o\u00a0Processo Seletivo\u00a0para contrata\u00e7\u00e3o tempor\u00e1ria emergencial para as fun\u00e7\u00f5es: m\u00e9dico cl\u00ednico geral, m\u00e9dico<\/p>\n","protected":false},"author":3,"featured_media":6677,"comment_status":"open","ping_status":"open","sticky":false,"template":"","format":"standard","meta":{"footnotes":""},"categories":[1,15,4],"tags":[],"class_list":["post-6676","post","type-post","status-publish","format-standard","has-post-thumbnail","hentry","category-destaque","category-embu-das-artes","category-noticias"],"_links":{"self":[{"href":"https:\/\/folhadopirajucara.com.br\/index.php\/wp-json\/wp\/v2\/posts\/6676"}],"collection":[{"href":"https:\/\/folhadopirajucara.com.br\/index.php\/wp-json\/wp\/v2\/posts"}],"about":[{"href":"https:\/\/folhadopirajucara.com.br\/index.php\/wp-json\/wp\/v2\/types\/post"}],"author":[{"embeddable":true,"href":"https:\/\/folhadopirajucara.com.br\/index.php\/wp-json\/wp\/v2\/users\/3"}],"replies":[{"embeddable":true,"href":"https:\/\/folhadopirajucara.com.br\/index.php\/wp-json\/wp\/v2\/comments?post=6676"}],"version-history":[{"count":1,"href":"https:\/\/folhadopirajucara.com.br\/index.php\/wp-json\/wp\/v2\/posts\/6676\/revisions"}],"predecessor-version":[{"id":6678,"href":"https:\/\/folhadopirajucara.com.br\/index.php\/wp-json\/wp\/v2\/posts\/6676\/revisions\/6678"}],"wp:featuredmedia":[{"embeddable":true,"href":"https:\/\/folhadopirajucara.com.br\/index.php\/wp-json\/wp\/v2\/media\/6677"}],"wp:attachment":[{"href":"https:\/\/folhadopirajucara.com.br\/index.php\/wp-json\/wp\/v2\/media?parent=6676"}],"wp:term":[{"taxonomy":"category","embeddable":true,"href":"https:\/\/folhadopirajucara.com.br\/index.php\/wp-json\/wp\/v2\/categories?post=6676"},{"taxonomy":"post_tag","embeddable":true,"href":"https:\/\/folhadopirajucara.com.br\/index.php\/wp-json\/wp\/v2\/tags?post=6676"}],"curies":[{"name":"wp","href":"https:\/\/api.w.org\/{rel}","templated":true}]}}