{"id":6839,"date":"2023-07-31T14:30:22","date_gmt":"2023-07-31T17:30:22","guid":{"rendered":"http:\/\/folhadopirajucara.com.br\/?p=6839"},"modified":"2023-08-02T14:32:46","modified_gmt":"2023-08-02T17:32:46","slug":"vereadores-de-taboao-da-serra-voltam-do-recesso-e-sessoes-legislativas-sao-retomadas-nesta-terca-01-08","status":"publish","type":"post","link":"https:\/\/folhadopirajucara.com.br\/index.php\/2023\/07\/31\/vereadores-de-taboao-da-serra-voltam-do-recesso-e-sessoes-legislativas-sao-retomadas-nesta-terca-01-08\/","title":{"rendered":"Vereadores de Tabo\u00e3o da Serra voltam do recesso e sess\u00f5es legislativas s\u00e3o retomadas nesta ter\u00e7a 01\/08"},"content":{"rendered":"<p>As sess\u00f5es legislativas na C\u00e2mara Municipal de Tabo\u00e3o da Serra ser\u00e3o retomadas nesta ter\u00e7a-feira, dia 01\/08, ap\u00f3s o recesso parlamentar do m\u00eas de julho. Os mun\u00edcipes podem acompanhar os debates diretamente do plen\u00e1rio a partir das 10h ou pelo canal do youtube do poder legislativo.<\/p>\n<p>Neste segundo semestre, projetos importantes v\u00e3o entrar em pauta. Do projeto de lei da chamada \u201cLei das Antenas\u201d, que regulamenta o sinal do 5G, ao or\u00e7amento municipal para o ano de 2024. Outras discuss\u00f5es importantes tamb\u00e9m v\u00e3o continuar em pauta, como a proposta de uma empresa privada de constru\u00e7\u00e3o de cemit\u00e9rio vertical.<\/p>\n<p>\u201cA C\u00e2mara Municipal vai cumprir o seu papel de trabalhar para reconstruir a nossa cidade. Teremos neste semestre muitas discuss\u00f5es de projetos importantes, que v\u00e3o colaborar para o desenvolvimento de Tabo\u00e3o da Serra. Ser\u00e1 um semestre que ganharemos novos servi\u00e7os como o hospital veterin\u00e1rio, a municipaliza\u00e7\u00e3o da rodovia R\u00e9gis Bittencourt e a nova sede da Prefeitura de Tabo\u00e3o da Serra. Projetos que tiveram participa\u00e7\u00e3o ativa dos 13 vereadores\u201d, diz o presidente Dr. Andr\u00e9 da Sorriso.<\/p>\n<p>A C\u00e2mara de Tabo\u00e3o da Serra \u00e9 composta por 13 vereadores, eleitos para mandato de 2021 a 2024.<\/p>\n<p>&nbsp;<\/p>\n<p><strong>SERVI\u00c7O:<\/strong><\/p>\n<p><strong>\u00a0<\/strong><\/p>\n<p><strong>Sess\u00e3o Ordin\u00e1ria da C\u00e2mara Municipal de Tabo\u00e3o da Serra<\/strong><\/p>\n<p><strong>Dia:<\/strong> Ter\u00e7a-feira (dia 01\/08)<\/p>\n<p><strong>Hor\u00e1rio:<\/strong> a partir das 10h<\/p>\n<p><strong>Endere\u00e7o:<\/strong> Estrada S\u00e3o Francisco, 2013 &#8211; Jardim Helena<\/p>\n<p><strong>Telefone: <\/strong>(11) 4788-9300<\/p>\n<p><strong>Canal no Youtube:<\/strong> https:\/\/www.youtube.com\/channel\/UCAFmU9INqUs3CD420E2nhug<\/p>\n<p>&nbsp;<\/p>\n<p>*fonte: Comun. CMTS \/\/ foto: Leandro Barreira (CMTS)<\/p>\n","protected":false},"excerpt":{"rendered":"<p>As sess\u00f5es legislativas na C\u00e2mara Municipal de Tabo\u00e3o da Serra ser\u00e3o retomadas nesta ter\u00e7a-feira, dia 01\/08, ap\u00f3s o recesso parlamentar<\/p>\n","protected":false},"author":3,"featured_media":6840,"comment_status":"open","ping_status":"open","sticky":false,"template":"","format":"standard","meta":{"footnotes":""},"categories":[1,4,10],"tags":[],"class_list":["post-6839","post","type-post","status-publish","format-standard","has-post-thumbnail","hentry","category-destaque","category-noticias","category-taboao-da-serra"],"_links":{"self":[{"href":"https:\/\/folhadopirajucara.com.br\/index.php\/wp-json\/wp\/v2\/posts\/6839"}],"collection":[{"href":"https:\/\/folhadopirajucara.com.br\/index.php\/wp-json\/wp\/v2\/posts"}],"about":[{"href":"https:\/\/folhadopirajucara.com.br\/index.php\/wp-json\/wp\/v2\/types\/post"}],"author":[{"embeddable":true,"href":"https:\/\/folhadopirajucara.com.br\/index.php\/wp-json\/wp\/v2\/users\/3"}],"replies":[{"embeddable":true,"href":"https:\/\/folhadopirajucara.com.br\/index.php\/wp-json\/wp\/v2\/comments?post=6839"}],"version-history":[{"count":1,"href":"https:\/\/folhadopirajucara.com.br\/index.php\/wp-json\/wp\/v2\/posts\/6839\/revisions"}],"predecessor-version":[{"id":6841,"href":"https:\/\/folhadopirajucara.com.br\/index.php\/wp-json\/wp\/v2\/posts\/6839\/revisions\/6841"}],"wp:featuredmedia":[{"embeddable":true,"href":"https:\/\/folhadopirajucara.com.br\/index.php\/wp-json\/wp\/v2\/media\/6840"}],"wp:attachment":[{"href":"https:\/\/folhadopirajucara.com.br\/index.php\/wp-json\/wp\/v2\/media?parent=6839"}],"wp:term":[{"taxonomy":"category","embeddable":true,"href":"https:\/\/folhadopirajucara.com.br\/index.php\/wp-json\/wp\/v2\/categories?post=6839"},{"taxonomy":"post_tag","embeddable":true,"href":"https:\/\/folhadopirajucara.com.br\/index.php\/wp-json\/wp\/v2\/tags?post=6839"}],"curies":[{"name":"wp","href":"https:\/\/api.w.org\/{rel}","templated":true}]}}