{"id":69,"date":"2018-03-27T11:42:22","date_gmt":"2018-03-27T13:42:22","guid":{"rendered":"http:\/\/folhadopirajucara.com.br\/?p=69"},"modified":"2018-03-27T11:42:22","modified_gmt":"2018-03-27T13:42:22","slug":"procon-de-itapecerica-da-serra-realiza-fiscalizacao-no-extra-supermercados","status":"publish","type":"post","link":"https:\/\/folhadopirajucara.com.br\/index.php\/2018\/03\/27\/procon-de-itapecerica-da-serra-realiza-fiscalizacao-no-extra-supermercados\/","title":{"rendered":"Procon de Itapecerica da Serra realiza fiscaliza\u00e7\u00e3o no Extra Supermercados"},"content":{"rendered":"<p class=\"Pargrafobsico\" style=\"text-align: justify;\"><span style=\"font-family: 'Times New Roman',serif;\">Equipe do Procon durante fiscaliza\u00e7\u00e3o de rotina no Extra Supermercados em Itapecerica da Serra<\/span><\/p>\n<p class=\"Pargrafobsico\" style=\"text-align: justify;\"><span style=\"font-family: 'Times New Roman',serif;\">Na \u00faltima sexta-feira, dia 9 de mar\u00e7o, a equipe do Procon de Itapecerica da Serra esteve no Extra Supermercados da cidade onde realizou uma a\u00e7\u00e3o de fiscaliza\u00e7\u00e3o para averiguar se os direitos dos consumidores est\u00e3o sendo cumpridos e praticados pelo estabelecimento comercial.<\/span><\/p>\n<p class=\"Pargrafobsico\" style=\"text-align: justify;\"><span style=\"font-family: 'Times New Roman',serif;\">Durante a a\u00e7\u00e3o o pessoal conferiu os seguintes itens: data de validade dos produtos, ofertas, publicidade, pre\u00e7os, disponibilidade dos produtos dentro da loja, embalagem da carne mo\u00edda e afixa\u00e7\u00e3o do C\u00f3digo de Defesa e Prote\u00e7\u00e3o do Consumidor, que deve estar sempre dispon\u00edvel para consulta dos clientes.<\/span><\/p>\n<p class=\"Pargrafobsico\" style=\"text-align: justify;\"><span style=\"font-family: 'Times New Roman',serif;\">A atua\u00e7\u00e3o do Procon serviu ainda para assegurar a qualidade dos servi\u00e7os e dos produtos ofertado aos consumidores. Al\u00e9m da equipe do Procon, coordenado por Rafael Alves, tamb\u00e9m acompanhou o trabalho, o fiscal Luiz Carlos, da Prefeitura de Itapecerica.<\/span><\/p>\n<p class=\"Pargrafobsico\" style=\"text-align: justify;\"><span style=\"font-family: 'Times New Roman',serif;\">A unidade Procon de Itapecerica da Serra est\u00e1 localizada no Complexo Administrativo da Prefeitura, bloco A, na Avenida Eduardo Roberto Daher, 1135. Atendimento de segunda a quinta-feira, das 9h \u00e0s 16h.<\/span><\/p>\n","protected":false},"excerpt":{"rendered":"<p>Equipe do Procon durante fiscaliza\u00e7\u00e3o de rotina no Extra Supermercados em Itapecerica da Serra Na \u00faltima sexta-feira, dia 9 de<\/p>\n","protected":false},"author":3,"featured_media":70,"comment_status":"open","ping_status":"open","sticky":false,"template":"","format":"standard","meta":{"footnotes":""},"categories":[16,4],"tags":[19,20,22],"class_list":["post-69","post","type-post","status-publish","format-standard","has-post-thumbnail","hentry","category-itapecerica-da-serra","category-noticias","tag-fiscalizacao-procon","tag-itapecerica","tag-procon"],"_links":{"self":[{"href":"https:\/\/folhadopirajucara.com.br\/index.php\/wp-json\/wp\/v2\/posts\/69"}],"collection":[{"href":"https:\/\/folhadopirajucara.com.br\/index.php\/wp-json\/wp\/v2\/posts"}],"about":[{"href":"https:\/\/folhadopirajucara.com.br\/index.php\/wp-json\/wp\/v2\/types\/post"}],"author":[{"embeddable":true,"href":"https:\/\/folhadopirajucara.com.br\/index.php\/wp-json\/wp\/v2\/users\/3"}],"replies":[{"embeddable":true,"href":"https:\/\/folhadopirajucara.com.br\/index.php\/wp-json\/wp\/v2\/comments?post=69"}],"version-history":[{"count":0,"href":"https:\/\/folhadopirajucara.com.br\/index.php\/wp-json\/wp\/v2\/posts\/69\/revisions"}],"wp:featuredmedia":[{"embeddable":true,"href":"https:\/\/folhadopirajucara.com.br\/index.php\/wp-json\/wp\/v2\/media\/70"}],"wp:attachment":[{"href":"https:\/\/folhadopirajucara.com.br\/index.php\/wp-json\/wp\/v2\/media?parent=69"}],"wp:term":[{"taxonomy":"category","embeddable":true,"href":"https:\/\/folhadopirajucara.com.br\/index.php\/wp-json\/wp\/v2\/categories?post=69"},{"taxonomy":"post_tag","embeddable":true,"href":"https:\/\/folhadopirajucara.com.br\/index.php\/wp-json\/wp\/v2\/tags?post=69"}],"curies":[{"name":"wp","href":"https:\/\/api.w.org\/{rel}","templated":true}]}}