{"id":692,"date":"2018-09-28T20:40:56","date_gmt":"2018-09-28T22:40:56","guid":{"rendered":"http:\/\/folhadopirajucara.com.br\/?p=692"},"modified":"2018-09-28T20:40:56","modified_gmt":"2018-09-28T22:40:56","slug":"camara-aprova-projeto-dos-vereadores-jefferson-e-gilson-que-institui-dezembro-vermelho-em-embu-das-artes","status":"publish","type":"post","link":"https:\/\/folhadopirajucara.com.br\/index.php\/2018\/09\/28\/camara-aprova-projeto-dos-vereadores-jefferson-e-gilson-que-institui-dezembro-vermelho-em-embu-das-artes\/","title":{"rendered":"C\u00e2mara aprova projeto dos vereadores Jefferson e Gilson que institui \u201cDezembro Vermelho\u201d em Embu das Artes"},"content":{"rendered":"<p><img loading=\"lazy\" decoding=\"async\" class=\"size-medium wp-image-666 alignleft\" src=\"https:\/\/folhadopirajucara.com.br\/wp-content\/uploads\/2018\/09\/Setembro-Amarelo-300x201.jpg\" alt=\"\" width=\"300\" height=\"201\" srcset=\"https:\/\/folhadopirajucara.com.br\/wp-content\/uploads\/2018\/09\/Setembro-Amarelo-300x201.jpg 300w, https:\/\/folhadopirajucara.com.br\/wp-content\/uploads\/2018\/09\/Setembro-Amarelo.jpg 600w\" sizes=\"(max-width: 300px) 100vw, 300px\" \/>A C\u00e2mara Municipal de Embu das Artes, aprovou no \u00faltimo dia 19\/09, o projeto de lei n\u00ba 65\/2018 de autoria dos vereadores Jefferson Siqueira (PSDB) e Gilson Oliveira (MDB), que institui o dia 01 de Dezembro como Dia do Combate contra o HIV e Doen\u00e7as Sexualmente Transmiss\u00edveis, denominado Dezembro Vermelho.<\/p>\n<p>O texto prev\u00ea a promo\u00e7\u00e3o de palestras e atividades educativas; a veicula\u00e7\u00e3o de campanhas de m\u00eddia e a realiza\u00e7\u00e3o de eventos. Tudo em parcerias entre o poder p\u00fablico e organiza\u00e7\u00f5es n\u00e3o governamentais, e seguindo as diretrizes do Sistema \u00danico de Sa\u00fade (SUS) para o enfrentamento dessas enfermidades.<\/p>\n<p>A ideia do vereador Jefferson, \u00e9 ampliar para doen\u00e7as sexualmente transmiss\u00edveis o que j\u00e1 tem sido feito por campanhas como \u201cOutubro Rosa\u201d e \u201cNovembro Azul\u201d. \u201cAs doen\u00e7as end\u00eamicas e epid\u00eamicas, por sua r\u00e1pida propaga\u00e7\u00e3o, demandam aten\u00e7\u00e3o especial dos governos, sendo esta a condi\u00e7\u00e3o das doen\u00e7as sexualmente transmiss\u00edveis\u201d, justificou.<\/p>\n<p>\u201cO n\u00famero de pessoas infectadas pelo v\u00edrus da aids ainda \u00e9 elevado. Da\u00ed a import\u00e2ncia do Dezembro Vermelho, no qual ser\u00e3o desenvolvidas a\u00e7\u00f5es educativas junto aos diversos setores sociais e governamentais, visando o esclarecimento amplo sobre o tema, bem como a dissemina\u00e7\u00e3o de mensagens de apoio e acolhimento\u201d, afirma o vereador Gilson Oliveira.<\/p>\n<p>Os vereadores Jefferson e Gilson, tamb\u00e9m s\u00e3o autores do projeto 64\/2018 que institui em Embu das Artes a Campanha de Preven\u00e7\u00e3o ao Suic\u00eddio denominado \u201cSetembro Amarelo\u201d.<\/p>\n","protected":false},"excerpt":{"rendered":"<p>A C\u00e2mara Municipal de Embu das Artes, aprovou no \u00faltimo dia 19\/09, o projeto de lei n\u00ba 65\/2018 de autoria<\/p>\n","protected":false},"author":3,"featured_media":666,"comment_status":"open","ping_status":"open","sticky":false,"template":"","format":"standard","meta":{"footnotes":""},"categories":[15,4],"tags":[],"class_list":["post-692","post","type-post","status-publish","format-standard","has-post-thumbnail","hentry","category-embu-das-artes","category-noticias"],"_links":{"self":[{"href":"https:\/\/folhadopirajucara.com.br\/index.php\/wp-json\/wp\/v2\/posts\/692"}],"collection":[{"href":"https:\/\/folhadopirajucara.com.br\/index.php\/wp-json\/wp\/v2\/posts"}],"about":[{"href":"https:\/\/folhadopirajucara.com.br\/index.php\/wp-json\/wp\/v2\/types\/post"}],"author":[{"embeddable":true,"href":"https:\/\/folhadopirajucara.com.br\/index.php\/wp-json\/wp\/v2\/users\/3"}],"replies":[{"embeddable":true,"href":"https:\/\/folhadopirajucara.com.br\/index.php\/wp-json\/wp\/v2\/comments?post=692"}],"version-history":[{"count":0,"href":"https:\/\/folhadopirajucara.com.br\/index.php\/wp-json\/wp\/v2\/posts\/692\/revisions"}],"wp:featuredmedia":[{"embeddable":true,"href":"https:\/\/folhadopirajucara.com.br\/index.php\/wp-json\/wp\/v2\/media\/666"}],"wp:attachment":[{"href":"https:\/\/folhadopirajucara.com.br\/index.php\/wp-json\/wp\/v2\/media?parent=692"}],"wp:term":[{"taxonomy":"category","embeddable":true,"href":"https:\/\/folhadopirajucara.com.br\/index.php\/wp-json\/wp\/v2\/categories?post=692"},{"taxonomy":"post_tag","embeddable":true,"href":"https:\/\/folhadopirajucara.com.br\/index.php\/wp-json\/wp\/v2\/tags?post=692"}],"curies":[{"name":"wp","href":"https:\/\/api.w.org\/{rel}","templated":true}]}}