{"id":6935,"date":"2023-08-14T12:16:45","date_gmt":"2023-08-14T15:16:45","guid":{"rendered":"http:\/\/folhadopirajucara.com.br\/?p=6935"},"modified":"2023-08-14T12:16:45","modified_gmt":"2023-08-14T15:16:45","slug":"projeto-de-lei-que-preve-criacao-do-centro-de-referencia-de-doencas-autoimunes-e-aprovado-na-camara-taboao-da-serra","status":"publish","type":"post","link":"https:\/\/folhadopirajucara.com.br\/index.php\/2023\/08\/14\/projeto-de-lei-que-preve-criacao-do-centro-de-referencia-de-doencas-autoimunes-e-aprovado-na-camara-taboao-da-serra\/","title":{"rendered":"Projeto de Lei que prev\u00ea cria\u00e7\u00e3o do Centro de Refer\u00eancia de Doen\u00e7as Autoimunes \u00e9 aprovado na C\u00e2mara Tabo\u00e3o da Serra"},"content":{"rendered":"<p>A C\u00e2mara Municipal de Tabo\u00e3o da Serra aprovou no \u00faltimo dia 08\/08, por unanimidade, o projeto de lei de autoria do vereador Enfermeiro Rodney, que prev\u00ea a cria\u00e7\u00e3o do Centro de Refer\u00eancia de Doen\u00e7as Autoimunes na cidade De acordo com o vereador, o n\u00famero de moradores que apresentam sistema imunol\u00f3gico que ataca as c\u00e9lulas saud\u00e1veis e que necessitam desse tipo de atendimento \u00e9 grande em Tabo\u00e3o da Serra.<\/p>\n<p>\u201cTemos conversado muito com pacientes que relatam dificuldade no tratamento dessas doen\u00e7as. Nossa proposta \u00e9 que o munic\u00edpio ofere\u00e7a atendimento maior nesses casos\u201d, disse Enfermeiro Rodney.<\/p>\n<p>As doen\u00e7as autoimunes s\u00e3o um mau funcionamento do sistema imunol\u00f3gico, levando o corpo a atacar os seus pr\u00f3prios tecidos. A ci\u00eancia ainda n\u00e3o sabe o que desencadeia essa rea\u00e7\u00e3o. Entre as doen\u00e7as autoimunes mais comuns est\u00e3o a Esclerose M\u00faltipla, Psor\u00edase, Artrite Reumatoide, Vitiligo, Doen\u00e7a de Crohn e L\u00fapus.<\/p>\n<p>\u201cEsse tipo de doen\u00e7a intriga os m\u00e9dicos. O diagn\u00f3stico \u00e9 dif\u00edcil, assim como seu tratamento, mas existem avan\u00e7os e esse Centro de Refer\u00eancia para Doen\u00e7as Autoimunes em Tabo\u00e3o da Serra ir\u00e1, com certeza, ajudar no tratamento de milhares de moradores da nossa cidade que precisam de atendimento especializado e hoje precisam procurar unidade do Governo do Estado\u201d, completa.<\/p>\n<p>Pelo projeto aprovado, o Centro de Refer\u00eancia de Doen\u00e7as Autoimune permitir\u00e1 \u00e0s pessoas fazerem consultas com m\u00e9dicos de refer\u00eancia em diversas especialidades, realizarem exames e, por fim, receberem o medicamento infundido, tudo de forma r\u00e1pida e em um s\u00f3 lugar.<\/p>\n<p>\u201cNossa estimativa \u00e9 promover um ganho de meses ou at\u00e9 mesmo anos no tempo em que os pacientes levam normalmente para receber o diagn\u00f3stico e iniciar o tratamento\u201d, afirma o vereador.<\/p>\n<p>O projeto de lei vai para san\u00e7\u00e3o do prefeito Apr\u00edgio. Se implementado, o centro ter\u00e1 atendimento multidisciplinar, analisando o paciente em diferentes especialidades, tais como Neurologia, Reumatologia, Dermatologia e Gastroenterologia.<\/p>\n<p>&nbsp;<\/p>\n<p>Foto: Leandro Barreira \/ CMTS<\/p>\n","protected":false},"excerpt":{"rendered":"<p>A C\u00e2mara Municipal de Tabo\u00e3o da Serra aprovou no \u00faltimo dia 08\/08, por unanimidade, o projeto de lei de autoria<\/p>\n","protected":false},"author":3,"featured_media":6936,"comment_status":"open","ping_status":"open","sticky":false,"template":"","format":"standard","meta":{"colormag_page_container_layout":"default_layout","colormag_page_sidebar_layout":"default_layout","footnotes":""},"categories":[1,4,10],"tags":[],"class_list":["post-6935","post","type-post","status-publish","format-standard","has-post-thumbnail","hentry","category-destaque","category-noticias","category-taboao-da-serra"],"_links":{"self":[{"href":"https:\/\/folhadopirajucara.com.br\/index.php\/wp-json\/wp\/v2\/posts\/6935"}],"collection":[{"href":"https:\/\/folhadopirajucara.com.br\/index.php\/wp-json\/wp\/v2\/posts"}],"about":[{"href":"https:\/\/folhadopirajucara.com.br\/index.php\/wp-json\/wp\/v2\/types\/post"}],"author":[{"embeddable":true,"href":"https:\/\/folhadopirajucara.com.br\/index.php\/wp-json\/wp\/v2\/users\/3"}],"replies":[{"embeddable":true,"href":"https:\/\/folhadopirajucara.com.br\/index.php\/wp-json\/wp\/v2\/comments?post=6935"}],"version-history":[{"count":1,"href":"https:\/\/folhadopirajucara.com.br\/index.php\/wp-json\/wp\/v2\/posts\/6935\/revisions"}],"predecessor-version":[{"id":6937,"href":"https:\/\/folhadopirajucara.com.br\/index.php\/wp-json\/wp\/v2\/posts\/6935\/revisions\/6937"}],"wp:featuredmedia":[{"embeddable":true,"href":"https:\/\/folhadopirajucara.com.br\/index.php\/wp-json\/wp\/v2\/media\/6936"}],"wp:attachment":[{"href":"https:\/\/folhadopirajucara.com.br\/index.php\/wp-json\/wp\/v2\/media?parent=6935"}],"wp:term":[{"taxonomy":"category","embeddable":true,"href":"https:\/\/folhadopirajucara.com.br\/index.php\/wp-json\/wp\/v2\/categories?post=6935"},{"taxonomy":"post_tag","embeddable":true,"href":"https:\/\/folhadopirajucara.com.br\/index.php\/wp-json\/wp\/v2\/tags?post=6935"}],"curies":[{"name":"wp","href":"https:\/\/api.w.org\/{rel}","templated":true}]}}