{"id":6970,"date":"2023-08-23T11:29:06","date_gmt":"2023-08-23T14:29:06","guid":{"rendered":"http:\/\/folhadopirajucara.com.br\/?p=6970"},"modified":"2023-08-23T11:29:06","modified_gmt":"2023-08-23T14:29:06","slug":"luiz-gama-apostolo-negro-da-abolicao","status":"publish","type":"post","link":"https:\/\/folhadopirajucara.com.br\/index.php\/2023\/08\/23\/luiz-gama-apostolo-negro-da-abolicao\/","title":{"rendered":"Luiz Gama, ap\u00f3stolo negro da Aboli\u00e7\u00e3o"},"content":{"rendered":"<p>O jornalista e escritor baiano Luiz Gonzaga Pinto da Gama (1830-1882) foi um dos principais nomes do movimento abolicionista e do jornalismo brasileiro do s\u00e9culo 19. Mesmo sendo filho de pai branco e de m\u00e3e negra livre, Luiz Gama (como ficou conhecido) foi feito escravo aos 10 anos e, at\u00e9 os 17, permaneceu analfabeto. Obteve a liberdade por via judicial, passando a atuar na advocacia para libertar escravizados.<\/p>\n<p>Aos 29 anos, Luiz Gama j\u00e1 era conhecido como um dos pioneiros do jornalismo sat\u00edrico de S\u00e3o Paulo, onde viveu boa parte de sua vida. Fundador de peri\u00f3dicos, incluindo o primeiro seman\u00e1rio ilustrado da cidade de S\u00e3o Paulo, em parceria com Angelo Agostini, o\u00a0Diabo Coxo, em 1864, Gama foi colaborador de diversos jornais (incluindo a\u00a0Prov\u00edncia de S\u00e3o Paulo, atual\u00a0O Estado de S. Paulo), muitas vezes usando o pseud\u00f4nimo Barrabr\u00e1s, numa refer\u00eancia ao bairro do Br\u00e1s, onde morava. Foi um dos principais poetas do Romantismo (seu poema \u201cMeus Amores\u201d foi um dos primeiros da literatura brasileira a exaltar a beleza da mulher negra), ma\u00e7om e um dos fundadores do Partido Republicano.<\/p>\n<p>Mas foi no movimento abolicionista que Gama se destacou, atuando ao lado de intelectuais negros, como Ferreira de Menezes, Jos\u00e9 do Patroc\u00ednio, Andr\u00e9 Rebou\u00e7as e Machado de Assis, que fizeram seus textos serem replicados nos jornais da Corte. Luiz Gama morreu aos 52 anos, por complica\u00e7\u00f5es da diabetes. Teve seu caix\u00e3o carregado por cerca de 4 mil pessoas pelas ruas de S\u00e3o Paulo, desde sua resid\u00eancia, no Br\u00e1s, at\u00e9 o Cemit\u00e9rio da Consola\u00e7\u00e3o.<\/p>\n<p>&nbsp;<\/p>\n<p style=\"text-align: center;\"><strong>Luiz Gama recebe t\u00edtulo de advogado pela OAB<\/strong><\/p>\n<p>A Ordem dos Advogados do Brasil (OAB) homenageou em 2015 feira (3) Luiz Gonzaga de Pinto Gama, reconhecendo-o como advogado.\u00a0 Em 2015 fazia 133 anos que faleceu Luiz Gama e, ap\u00f3s esse per\u00edodo, temos a oportunidade de reescrever a hist\u00f3ria. Ao ap\u00f3stolo negro da Aboli\u00e7\u00e3o, pelos seus relevantes servi\u00e7os prestados junto aos tribunais na liberta\u00e7\u00e3o dos escravos, a OAB Nacional e a OAB de S\u00e3o Paulo concedem [a Luiz Gama] o t\u00edtulo de advogado\u201d, disse o presidente da OAB, Marcus Vinicius Furtado Coelho, em cerim\u00f4nia na Universidade Presbiteriana Macknzie, em S\u00e3o Paulo.<\/p>\n<p>O baiano Luiz Gama nasceu em 1830, filho de um portugu\u00eas com Luiza Mahin, negra livre que participou de insurrei\u00e7\u00f5es de escravos. Gama foi para o Rio de Janeiro aos 10 anos ap\u00f3s ser vendido pelo pai para pagar uma d\u00edvida. Sete anos depois, ele conseguiu a liberta\u00e7\u00e3o e se transformou em um dos maiores l\u00edderes abolicionistas. Em 1869, ao lado de Rui Barbosa, fundou o jornal\u00a0Radical Paulistano.<\/p>\n<p>Em 1850, Gama tentou frequentar o curso da Faculdade de Direito do Largo do S\u00e3o Francisco, hoje da Universidade de S\u00e3o Paulo (USP), mas foi impedido por ser negro. Ele frequentou as aulas como ouvinte e o conhecimento adquirido permitiu que ele atuasse na defesa jur\u00eddica de negros escravos.<\/p>\n<p>Seu tataraneto, Benemar Fran\u00e7a, 68 anos, recebeu a homenagem em nome de Luiz Gama. \u201cTrata-se de uma repara\u00e7\u00e3o hist\u00f3rica e do reconhecimento da sua atua\u00e7\u00e3o jur\u00eddica para a qual foi proibido de se graduar. Trata-se de uma just\u00edssima homenagem a quem tanto lutou pela liberdade, igualdade e respeito\u201d, disse o presidente da OAB.<\/p>\n<p>O professor da Faculdade de Direito da Universidade Presbiteriana Mackenzie e presidente do Instituto Luiz Gama, Silvio Luiz de Almeida, disse que a homenagem \u00e9 in\u00e9dita \u201cpara algu\u00e9m que recebe o t\u00edtulo de advogado p\u00f3s-morte n\u00e3o sendo formado em direito\u201d.<\/p>\n<p>\u201cLuiz Gama n\u00e3o \u00e9 apenas importante para a hist\u00f3ria da comunidade negra brasileira, \u00e9, tamb\u00e9m, para que entendamos dois movimentos fundamentais para a forma\u00e7\u00e3o social brasileira e entender para onde caminha o pa\u00eds. Ele est\u00e1 ligado tanto ao movimento abolicionista, ou seja, a luta contra a escravid\u00e3o, como \u00e0 forma\u00e7\u00e3o da Rep\u00fablica\u201d, explicou o professor. \u201cNeste momento, resgatar a figura de Luiz Gama, \u00e9 resgatar tamb\u00e9m a esperan\u00e7a na constru\u00e7\u00e3o de um pa\u00eds melhor, de um mundo mais justo e tamb\u00e9m da luta antirracista\u201d, acrescentou.<\/p>\n<p>Para seu tataraneto, a homenagem \u201c\u00e9 um resgate ao trabalho que Luiz Gama fez na sua luta para libertar escravos\u201d. Ele disse que seu tatarav\u00f4 estudou por conta pr\u00f3pria em bibliotecas. Apesar de ser rejeitado pela Faculdade de Direito, segundo Benemar, Luiz Gama \u201cconseguiu ser r\u00e1bula, ou seja, tinha um documento que o liberava para trabalhar como advogado, s\u00f3 que sem diploma\u201d. Nessa condi\u00e7\u00e3o, ele libertou mais de 500 escravos, afirmou.<\/p>\n<p>&nbsp;<\/p>\n<p>&nbsp;<\/p>\n<p>&nbsp;<\/p>\n<p>*pesquisa: Jose Lucas (Folha do Piraju\u00e7ara)<\/p>\n<p>Fonte : <a href=\"https:\/\/agendabonifacio.com.br\">https:\/\/agendabonifacio.com.br<\/a><\/p>\n<p><a href=\"https:\/\/agenciabrasil.ebc.com.br\">https:\/\/agenciabrasil.ebc.com.br<\/a><\/p>\n","protected":false},"excerpt":{"rendered":"<p>O jornalista e escritor baiano Luiz Gonzaga Pinto da Gama (1830-1882) foi um dos principais nomes do movimento abolicionista e<\/p>\n","protected":false},"author":3,"featured_media":6972,"comment_status":"open","ping_status":"open","sticky":false,"template":"","format":"standard","meta":{"footnotes":""},"categories":[1,54,4],"tags":[],"class_list":["post-6970","post","type-post","status-publish","format-standard","has-post-thumbnail","hentry","category-destaque","category-historias-afro-brasileiras","category-noticias"],"_links":{"self":[{"href":"https:\/\/folhadopirajucara.com.br\/index.php\/wp-json\/wp\/v2\/posts\/6970"}],"collection":[{"href":"https:\/\/folhadopirajucara.com.br\/index.php\/wp-json\/wp\/v2\/posts"}],"about":[{"href":"https:\/\/folhadopirajucara.com.br\/index.php\/wp-json\/wp\/v2\/types\/post"}],"author":[{"embeddable":true,"href":"https:\/\/folhadopirajucara.com.br\/index.php\/wp-json\/wp\/v2\/users\/3"}],"replies":[{"embeddable":true,"href":"https:\/\/folhadopirajucara.com.br\/index.php\/wp-json\/wp\/v2\/comments?post=6970"}],"version-history":[{"count":1,"href":"https:\/\/folhadopirajucara.com.br\/index.php\/wp-json\/wp\/v2\/posts\/6970\/revisions"}],"predecessor-version":[{"id":6973,"href":"https:\/\/folhadopirajucara.com.br\/index.php\/wp-json\/wp\/v2\/posts\/6970\/revisions\/6973"}],"wp:featuredmedia":[{"embeddable":true,"href":"https:\/\/folhadopirajucara.com.br\/index.php\/wp-json\/wp\/v2\/media\/6972"}],"wp:attachment":[{"href":"https:\/\/folhadopirajucara.com.br\/index.php\/wp-json\/wp\/v2\/media?parent=6970"}],"wp:term":[{"taxonomy":"category","embeddable":true,"href":"https:\/\/folhadopirajucara.com.br\/index.php\/wp-json\/wp\/v2\/categories?post=6970"},{"taxonomy":"post_tag","embeddable":true,"href":"https:\/\/folhadopirajucara.com.br\/index.php\/wp-json\/wp\/v2\/tags?post=6970"}],"curies":[{"name":"wp","href":"https:\/\/api.w.org\/{rel}","templated":true}]}}