{"id":7183,"date":"2023-09-19T17:07:17","date_gmt":"2023-09-19T20:07:17","guid":{"rendered":"http:\/\/folhadopirajucara.com.br\/?p=7183"},"modified":"2023-09-19T17:07:17","modified_gmt":"2023-09-19T20:07:17","slug":"dom-jose-maria-pires-o-primeiro-arcebispo-negro-do-brasil","status":"publish","type":"post","link":"https:\/\/folhadopirajucara.com.br\/index.php\/2023\/09\/19\/dom-jose-maria-pires-o-primeiro-arcebispo-negro-do-brasil\/","title":{"rendered":"Dom Jos\u00e9 Maria Pires o primeiro arcebispo negro do Brasil"},"content":{"rendered":"<p>Dom Jos\u00e9 Maria Pires esteve presente em todas as sess\u00f5es do Conc\u00edlio Ecum\u00eanico Vaticano II, 1962 a 1965, e no final ele se comprometeu com o Pacto das Catacumbas, talvez a consequ\u00eancia mais crist\u00e3 de todo o Conc\u00edlio.<\/p>\n<p>Quarenta bispos de v\u00e1rias partes do mundo, tendo \u00e0 frente Dom Helder C\u00e2mara, tomaram uma decis\u00e3o que o Conc\u00edlio n\u00e3o tomou, na catacumba de Santa Domitila, em Roma, eles se obrigaram a viver a inseguran\u00e7a dos pobres, sem roupas exuberantes, sem moradias luxuosas, sem carros caros, enfim sem ostenta\u00e7\u00e3o. Faziam parte desse Pacto os bispos paraibanos Dom Luiz Gonzaga Fernandes e Dom Ant\u00f4nio Batista Fragoso.<\/p>\n<p>Dom Jos\u00e9, o primeiro arcebispo negro do Brasil, fez a op\u00e7\u00e3o que est\u00e1 na vida e na pr\u00e1tica de Jesus: escolheu os pobres como prioridade de sua evangeliza\u00e7\u00e3o, ou seja, se solidarizou com os pobres correndo o risco da pr\u00f3pria vida, como fez em Alagamar.<\/p>\n<p>Do embate entre fazendeiros e camponeses, aqueles querendo tomar a terra destes, em uma oportunidade soltaram o gado nos ro\u00e7ados dos agricultores. Dom Jos\u00e9 estava acompanhado de Dom Helder C\u00e2mara, arcebispo de Olinda e Recife e Dom Austreg\u00e9silo, bispo de Afogados de Ingazeira. Esses tr\u00eas sacerdotes, armados apenas com a solidariedade, pegaram varas e enxotaram o gado, sem medo das consequ\u00eancias. Dessa atitude crist\u00e3, humana, corajosa, surgiu o lindo poema Cantata para Alagamar, inspira\u00e7\u00e3o dos tr\u00eas Jos\u00e9(s), Dom Jos\u00e9 (crist\u00e3o), Jos\u00e9 Kaplan (judeu) autor da m\u00fasica, Waldemar Jos\u00e9 Solha (ateu), autor da letra.<\/p>\n<p>Dom Jos\u00e9 assumiu a Arquidiocese da Para\u00edba, como quarto arcebispo, em mar\u00e7o de 1966 e passou 30 anos \u00e0 frente desta inst\u00e2ncia religiosa. Lembro-me bem, quando ele chegou \u00e0 Jo\u00e3o Pessoa. A recep\u00e7\u00e3o foi muito grande, povo, pol\u00edticos, militares, autoridades. A Igreja ainda estava muito ligada ao poder. N\u00e3o demorou, as elites e seu bra\u00e7o armado \u2013 os militares \u2013 a se frustrarem com Dom Jos\u00e9, ou Dom Pel\u00e9, ou Dom Zumbi, pois, este n\u00e3o era um construtor de civiliza\u00e7\u00e3o, isto \u00e9, arquiteto de obras sociais, como universidades, col\u00e9gios, hospitais e outros. Ele tinha a consci\u00eancia de que sua miss\u00e3o era animar os crist\u00e3os na F\u00e9, F\u00e9 entendida como ades\u00e3o ao Projeto de Deus, revelado por Jesus, objetivando a converg\u00eancia, a aproxima\u00e7\u00e3o entre as pessoas. Tudo isso permeado do valor fundamental do Evangelho \u2013 a solidariedade, totalmente incompat\u00edvel com os interesses do sistema capitalista.<\/p>\n<p>A respeito de obras sociais, lembro-me que numa reuni\u00e3o da Administra\u00e7\u00e3o da Arquidiocese, de que eu fazia parte, o Monsenhor Jos\u00e9 Trigueiro do Vale (futuro fundador do UNIP\u00ca \u2013 Centro Universit\u00e1rio de Jo\u00e3o Pessoa) levantou a possibilidade de criar uma universidade onde funcionava o Col\u00e9gio Pio II. Dom Jos\u00e9 foi contr\u00e1rio, pois essa n\u00e3o era a finalidade da Igreja particular da Para\u00edba.<\/p>\n<p>Em 1968 eu pertencia ao PCB \u2013 Partido Comunista Brasileiro, que sofria grande repress\u00e3o, com pris\u00f5es, torturas e mortes, mas era preciso resistir \u00e0 ditadura, era fundamental levar a mensagem de resist\u00eancia \u00e0 popula\u00e7\u00e3o.<\/p>\n<p>&nbsp;<\/p>\n<p>Chegamos a uma situa\u00e7\u00e3o em que n\u00e3o t\u00ednhamos mais local seguro para nos reunirmos, ent\u00e3o tive a ideia de nos encontrarmos no Pal\u00e1cio do Bispo, e ap\u00f3s a reuni\u00e3o, ao sairmos da sala, tamb\u00e9m sa\u00eda da sala ao lado Dom Jos\u00e9. N\u00e3o disse nada. Quarenta anos ap\u00f3s ele me visitou em minha casa. Relembrando fatos passados eu lhe pedi perd\u00e3o por ter colocado sua vida em risco. Demonstrando toda sua grandeza Dom Jos\u00e9 disse: \u201cVoc\u00ea fez isso porque confiava em mim\u201d.<\/p>\n<p>Ainda no mesmo ano, como Presidente do Sindicato dos Banc\u00e1rios, ocorreu a edi\u00e7\u00e3o do famigerado AI-5 \u2013 Ato Institucional n\u00ba 5, entendendo eu que, como dirigente sindical, deveria protestar contra as arbitrariedades: cassa\u00e7\u00f5es, suspens\u00e3o do habeas corpus, da inviolabilidade do lar, institucionaliza\u00e7\u00e3o da tortura (500 mortos por tortura), e publiquei no jornal do Sindicato, o manifesto a seguir:<\/p>\n<p><img loading=\"lazy\" decoding=\"async\" class=\"size-full wp-image-7184 aligncenter\" src=\"https:\/\/folhadopirajucara.com.br\/wp-content\/uploads\/2023\/09\/arcebispo.jpg\" alt=\"\" width=\"200\" height=\"268\" \/><\/p>\n<p>Fui preso por 21 dias no quartel do 15\u00baRI, do ex\u00e9rcito, destitu\u00eddo da presid\u00eancia do Sindicato e amea\u00e7ado todo tempo atrav\u00e9s de uma angustiante tortura psicol\u00f3gica. Dom Jos\u00e9 nomeou uma comiss\u00e3o de 4 padres para me acompanhar na pris\u00e3o, a fim de evitar tortura, e fez mais, numa atitude de coragem, t\u00e3o caracter\u00edstica dele: determinou a todas par\u00f3quias da Arquidiocese que lesse o manifesto acima, nas missas do domingo.<\/p>\n<p>Quando fui libertado, ele me convidou para participar da Administra\u00e7\u00e3o da Arquidiocese, acredito eu, que esse gesto humano foi para ajudar na minha autoestima.<\/p>\n<p>Eis alguns tra\u00e7os do bispo que esteve junto durante 30 anos, com os diocesanos de nossa Arquidiocese, seguidor da vida e da pr\u00e1tica de Jesus, e por isso, acolhedor, solid\u00e1rio, construtor do Projeto de Deus.<\/p>\n<p>&nbsp;<\/p>\n<p>&nbsp;<\/p>\n<p>*editado: Heloisa de Sousa<\/p>\n","protected":false},"excerpt":{"rendered":"<p>Dom Jos\u00e9 Maria Pires esteve presente em todas as sess\u00f5es do Conc\u00edlio Ecum\u00eanico Vaticano II, 1962 a 1965, e no<\/p>\n","protected":false},"author":3,"featured_media":7185,"comment_status":"open","ping_status":"open","sticky":false,"template":"","format":"standard","meta":{"footnotes":""},"categories":[1,54,4],"tags":[],"class_list":["post-7183","post","type-post","status-publish","format-standard","has-post-thumbnail","hentry","category-destaque","category-historias-afro-brasileiras","category-noticias"],"_links":{"self":[{"href":"https:\/\/folhadopirajucara.com.br\/index.php\/wp-json\/wp\/v2\/posts\/7183"}],"collection":[{"href":"https:\/\/folhadopirajucara.com.br\/index.php\/wp-json\/wp\/v2\/posts"}],"about":[{"href":"https:\/\/folhadopirajucara.com.br\/index.php\/wp-json\/wp\/v2\/types\/post"}],"author":[{"embeddable":true,"href":"https:\/\/folhadopirajucara.com.br\/index.php\/wp-json\/wp\/v2\/users\/3"}],"replies":[{"embeddable":true,"href":"https:\/\/folhadopirajucara.com.br\/index.php\/wp-json\/wp\/v2\/comments?post=7183"}],"version-history":[{"count":1,"href":"https:\/\/folhadopirajucara.com.br\/index.php\/wp-json\/wp\/v2\/posts\/7183\/revisions"}],"predecessor-version":[{"id":7186,"href":"https:\/\/folhadopirajucara.com.br\/index.php\/wp-json\/wp\/v2\/posts\/7183\/revisions\/7186"}],"wp:featuredmedia":[{"embeddable":true,"href":"https:\/\/folhadopirajucara.com.br\/index.php\/wp-json\/wp\/v2\/media\/7185"}],"wp:attachment":[{"href":"https:\/\/folhadopirajucara.com.br\/index.php\/wp-json\/wp\/v2\/media?parent=7183"}],"wp:term":[{"taxonomy":"category","embeddable":true,"href":"https:\/\/folhadopirajucara.com.br\/index.php\/wp-json\/wp\/v2\/categories?post=7183"},{"taxonomy":"post_tag","embeddable":true,"href":"https:\/\/folhadopirajucara.com.br\/index.php\/wp-json\/wp\/v2\/tags?post=7183"}],"curies":[{"name":"wp","href":"https:\/\/api.w.org\/{rel}","templated":true}]}}