{"id":7191,"date":"2023-09-21T17:58:34","date_gmt":"2023-09-21T20:58:34","guid":{"rendered":"http:\/\/folhadopirajucara.com.br\/?p=7191"},"modified":"2023-09-21T17:58:34","modified_gmt":"2023-09-21T20:58:34","slug":"conheca-a-historia-de-nelson-da-conceicao-o-goleiro-dos-camisas-negras","status":"publish","type":"post","link":"https:\/\/folhadopirajucara.com.br\/index.php\/2023\/09\/21\/conheca-a-historia-de-nelson-da-conceicao-o-goleiro-dos-camisas-negras\/","title":{"rendered":"Conhe\u00e7a a hist\u00f3ria de Nelson da Concei\u00e7\u00e3o, o goleiro dos \u2018Camisas Negras\u2019"},"content":{"rendered":"<blockquote>\n<p style=\"text-align: center;\"><strong>Nelson da Concei\u00e7\u00e3o \u2013 (Goal Keeper) \u2013 Foi goleiro do Vasco da Gama e tamb\u00e9m primeiro goleiro negro da Sele\u00e7\u00e3o Brasileira<\/strong><\/p>\n<\/blockquote>\n<p>&nbsp;<\/p>\n<p>Nelson da Concei\u00e7\u00e3o nasceu em 12 de agosto de 1899 na cidade de Nova Friburgo, distante 126 km da cidade do Rio de Janeiro. Mudou-se para a ent\u00e3o Capital Federal, onde come\u00e7ou a disputar partidas oficiais de futebol ainda muito jovem, com apenas 15 anos. Iniciou sua carreira futebol\u00edstica em 1915, no Paladino Football Club, clube filiado \u00e0 Liga Metropolitana de Sports Athleticos (LMSA, depois LMDT). Em 1916 j\u00e1 atuava pelo Engenho de Dentro Athletico Club, onde se tornou tricampe\u00e3o da Liga Suburbana (1916-1917-1918), a maior de todas as ligas do sub\u00farbio.<\/p>\n<p>O jovem Nelson da Concei\u00e7\u00e3o chegou ao Club de Regatas Vasco da Gama com 19 anos. Sua estreia oficial se daria meses depois, j\u00e1 com 20 anos, no dia 07 de setembro, na vit\u00f3ria do Vasco por 2 a 0 sobre o Sport Club Rio de Janeiro. A partida era v\u00e1lida pelo returno do campeonato da 2\u00aa Divis\u00e3o da LMDT. A import\u00e2ncia de Nelson para o Vasco fica evidenciada pela forma como entrou na equipe e com a an\u00e1lise da sua frequ\u00eancia nos jogos. Nelson veio para o Vasco diretamente para ocupar a vaga de goleiro titular. Uma \u201ccontrata\u00e7\u00e3o\u201d vital para as pretens\u00f5es do clube.<\/p>\n<p>Desde o seu antigo clube, Engenho de Dentro AC, e principalmente nos primeiros anos de Vasco, Nelson da Concei\u00e7\u00e3o sofria com considera\u00e7\u00f5es pejorativas relacionadas ao seu of\u00edcio de condutor de ve\u00edculos (chauffeur) e sua fala coloquial, posi\u00e7\u00f5es emitidas nos jornais e revistas. O termo chauffeur se referia \u00e0 \u00e9poca aos condutores particulares de autom\u00f3veis, o que hoje \u00e9 denominado taxista. Esta fun\u00e7\u00e3o era marcada por ser designada a indiv\u00edduos de baixa escolaridade, o que se somava ao baixo poder aquisitivo e a predomin\u00e2ncia de pessoas negras. Os indiv\u00edduos de classe social menos abastada desempenhavam atividades caracterizadas por serem bra\u00e7ais e com baixo uso da intelectualidade. Dentre outras, podem ser citados: os oper\u00e1rios das f\u00e1bricas, mec\u00e2nicos, pescadores etc.<\/p>\n<p>No futebol amador carioca, teoricamente, o jogador deveria exercer uma fun\u00e7\u00e3o externa ao futebol, n\u00e3o sendo o esporte o seu meio de sustento. Todavia, os indiv\u00edduos que desempenhavam atividades consideradas menores sofriam preconceito pela classe dirigente da Liga e de parte da imprensa.<\/p>\n<p>Em 1922 o Vasco ascende \u00e0 elite do futebol carioca, disputando, no ano seguinte, pela primeira vez em sua hist\u00f3ria, a s\u00e9rie A da 1\u00aa Divis\u00e3o. O ano de 1923 foi especial em todos os sentidos para Nelson, para o Vasco e para o futebol carioca. De uma s\u00f3 vez, Nelson se tornaria o primeiro goleiro negro a ser campe\u00e3o carioca, a defender a sele\u00e7\u00e3o carioca e a sele\u00e7\u00e3o brasileira.<\/p>\n<p>De uma forma cl\u00e1ssica, a escala\u00e7\u00e3o era a seguinte: Nelson, Leit\u00e3o e Mingote; Nicolino, Bol\u00e3o e Arthur; Paschoal, Torterolli, Arlindo, Ceci e Negrito. Arlindo (Arlindo Pacheco); Arthur (Arthur Medeiros Ferreira); Bol\u00e3o (Claudionor Corr\u00eaa); Cecy (Silvio Moreira); Leit\u00e3o (Albanito Nascimento); Mingote (Domingos Passini); Negrito (Al\u00edpio Marins); Nelson (Nelson da Concei\u00e7\u00e3o); Nicolino (Jo\u00e3o Baptista Soares); Paschoal (Paschoal Silva Cinelli); Torterolli (Nicodemes Concei\u00e7\u00e3o).<\/p>\n<p>Com uma campanha avassaladora, o Vasco de Nelson foi derrotando um a um os seus rivais, terminando o campeonato com 11 vit\u00f3rias no total. No dia 12 de agosto de 1923, Nelson completaria 24 anos e ajudaria o Vasco a ganhar o t\u00edtulo de campe\u00e3o da cidade pela maior liga do Rio de Janeiro. Uma vit\u00f3ria por 3 a 2 sobre o S\u00e3o Christov\u00e3o, em General Severiano, dando ao Vasco de Nelson o t\u00edtulo de campe\u00e3o. Nelson era reconhecido o melhor goleiro do futebol carioca. O rapaz negro de 24 anos, que nasceu em Nova Friburgo, e que se mudou com a fam\u00edlia para o Rio de Janeiro em busca de melhoria de vida, encontrou no futebol o seu espa\u00e7o de subsist\u00eancia. Devido as suas condi\u00e7\u00f5es t\u00e9cnicas, e n\u00e3o a sua cor de pele, teve o seu talento reconhecido e fez parte de uma equipe montada para levar o Club de Regatas Vasco da Gama ao mesmo patamar dos grandes clubes cariocas.<\/p>\n<p>Nelson foi tamb\u00e9m convocado para a Sele\u00e7\u00e3o Carioca em 1923 e para a Sele\u00e7\u00e3o Brasileira, que disputa o Campeonato Sul-Americano do mesmo ano. A campanha do selecionado brasileiro foi p\u00edfia, mas o goleiro vasca\u00edno foi um dos poucos que escaparam das cr\u00edticas, sendo inclusive considerado como um dos que evitaram uma campanha ainda pior do que a realizada.<\/p>\n<p>O grande keeper tornou-se \u00eddolo de um clube que se tornava grande, o Club de Regatas Vasco da Gama. Nelson ajudou este clube a ser um dos grandes no futebol, com sua t\u00e9cnica e sua dedica\u00e7\u00e3o.<\/p>\n<p>Pesquisa: \u00a0Jose Lucas (Folha do Piraju\u00e7ara)<\/p>\n<p>Fonte: <a href=\"https:\/\/observatorioracialfutebol.com.br\">https:\/\/observatorioracialfutebol.com.br<\/a><\/p>\n","protected":false},"excerpt":{"rendered":"<p>Nelson da Concei\u00e7\u00e3o \u2013 (Goal Keeper) \u2013 Foi goleiro do Vasco da Gama e tamb\u00e9m primeiro goleiro negro da Sele\u00e7\u00e3o<\/p>\n","protected":false},"author":3,"featured_media":7192,"comment_status":"open","ping_status":"open","sticky":false,"template":"","format":"standard","meta":{"footnotes":""},"categories":[1,54,4],"tags":[],"class_list":["post-7191","post","type-post","status-publish","format-standard","has-post-thumbnail","hentry","category-destaque","category-historias-afro-brasileiras","category-noticias"],"_links":{"self":[{"href":"https:\/\/folhadopirajucara.com.br\/index.php\/wp-json\/wp\/v2\/posts\/7191"}],"collection":[{"href":"https:\/\/folhadopirajucara.com.br\/index.php\/wp-json\/wp\/v2\/posts"}],"about":[{"href":"https:\/\/folhadopirajucara.com.br\/index.php\/wp-json\/wp\/v2\/types\/post"}],"author":[{"embeddable":true,"href":"https:\/\/folhadopirajucara.com.br\/index.php\/wp-json\/wp\/v2\/users\/3"}],"replies":[{"embeddable":true,"href":"https:\/\/folhadopirajucara.com.br\/index.php\/wp-json\/wp\/v2\/comments?post=7191"}],"version-history":[{"count":1,"href":"https:\/\/folhadopirajucara.com.br\/index.php\/wp-json\/wp\/v2\/posts\/7191\/revisions"}],"predecessor-version":[{"id":7193,"href":"https:\/\/folhadopirajucara.com.br\/index.php\/wp-json\/wp\/v2\/posts\/7191\/revisions\/7193"}],"wp:featuredmedia":[{"embeddable":true,"href":"https:\/\/folhadopirajucara.com.br\/index.php\/wp-json\/wp\/v2\/media\/7192"}],"wp:attachment":[{"href":"https:\/\/folhadopirajucara.com.br\/index.php\/wp-json\/wp\/v2\/media?parent=7191"}],"wp:term":[{"taxonomy":"category","embeddable":true,"href":"https:\/\/folhadopirajucara.com.br\/index.php\/wp-json\/wp\/v2\/categories?post=7191"},{"taxonomy":"post_tag","embeddable":true,"href":"https:\/\/folhadopirajucara.com.br\/index.php\/wp-json\/wp\/v2\/tags?post=7191"}],"curies":[{"name":"wp","href":"https:\/\/api.w.org\/{rel}","templated":true}]}}