{"id":7207,"date":"2023-09-24T22:23:38","date_gmt":"2023-09-25T01:23:38","guid":{"rendered":"http:\/\/folhadopirajucara.com.br\/?p=7207"},"modified":"2023-09-24T22:23:38","modified_gmt":"2023-09-25T01:23:38","slug":"matilde-ribeiro-primeira-ministra-negra-do-brasil","status":"publish","type":"post","link":"https:\/\/folhadopirajucara.com.br\/index.php\/2023\/09\/24\/matilde-ribeiro-primeira-ministra-negra-do-brasil\/","title":{"rendered":"Matilde Ribeiro, primeira Ministra negra do Brasil"},"content":{"rendered":"<blockquote>\n<p style=\"text-align: center;\"><strong>Ela foi, sem duvida, a primeira Ministra negra do Pa\u00eds. Depois dela, luizlinda foi a segunda cronologicamente, mas sendo a primeira Ministra dos direitos humanos. Atualmente mais duas mulheres negras ocupam a titularidade dos minist\u00e9rios da Cultura e da Igualdade Racial, Margareth Menezes e Anielle Franco Respectivamente.<\/strong><\/p>\n<\/blockquote>\n<p>&nbsp;<\/p>\n<p><strong>Matilde Ribeiro<\/strong>\u00a0<a href=\"https:\/\/pt.wikipedia.org\/wiki\/Ordem_de_Rio_Branco\">GCRB<\/a>\u00a0(<a href=\"https:\/\/pt.wikipedia.org\/wiki\/Fl%C3%B3rida_Paulista\">Fl\u00f3rida Paulista<\/a>,\u00a0<a href=\"https:\/\/pt.wikipedia.org\/wiki\/29_de_julho\">29 de julho<\/a>\u00a0de\u00a0<a href=\"https:\/\/pt.wikipedia.org\/wiki\/1960\">1960<\/a>) \u00e9 uma\u00a0<a href=\"https:\/\/pt.wikipedia.org\/wiki\/Professor\">professora<\/a>,\u00a0<a href=\"https:\/\/pt.wikipedia.org\/wiki\/Assistente_social\">assistente social<\/a>\u00a0e\u00a0<a href=\"https:\/\/pt.wikipedia.org\/wiki\/Ativismo\">ativista pol\u00edtica<\/a>\u00a0<a href=\"https:\/\/pt.wikipedia.org\/wiki\/Brasil\">brasileira<\/a>\u00a0filiada ao\u00a0<a href=\"https:\/\/pt.wikipedia.org\/wiki\/Partido_dos_Trabalhadores\">Partido dos Trabalhadores<\/a>\u00a0(PT), atuando nos movimentos negro e feminista.\u00a0Foi\u00a0<a href=\"https:\/\/pt.wikipedia.org\/wiki\/Ministro-chefe\">ministra-chefe<\/a>\u00a0da\u00a0<a href=\"https:\/\/pt.wikipedia.org\/wiki\/Secretaria_de_Pol%C3%ADticas_de_Promo%C3%A7%C3%A3o_da_Igualdade_Racial\">Secretaria Especial de Pol\u00edticas de Promo\u00e7\u00e3o da Igualdade Racial<\/a>\u00a0no\u00a0<a href=\"https:\/\/pt.wikipedia.org\/wiki\/Governo_Lula\">Governo Lula<\/a>.<\/p>\n<p>Como ministra, al\u00e9m da pol\u00edtica voltada aos quilombolas\u00a0e do inicio da tramita\u00e7\u00e3o do Estatuto da Igualdade Racial,\u00a0Matilde Ribeiro conseguiu convencer o presidente Lula\u00a0na implementa\u00e7\u00e3o das\u00a0<a href=\"https:\/\/pt.wikipedia.org\/wiki\/Quotas_raciais_no_Brasil\">quotas raciais<\/a>,\u00a0tendo aprovada essa pol\u00edtica p\u00fablica (em detrimento da posi\u00e7\u00e3o inicial dos ministros como\u00a0<a href=\"https:\/\/pt.wikipedia.org\/wiki\/Tarso_Genro\">Tarso Genro<\/a>\u00a0e\u00a0<a href=\"https:\/\/pt.wikipedia.org\/wiki\/Fernando_Haddad\">Fernando Haddad<\/a>, que defendiam somente quotas sociais). A pol\u00eamica em torno da aprova\u00e7\u00e3o das cotas raciais fez com que Matilde Ribeiro enfrentasse a oposi\u00e7\u00e3o de jornalistas, como\u00a0<a href=\"https:\/\/pt.wikipedia.org\/wiki\/Ali_Kamel\">Ali Kamel<\/a>\u00a0da Rede Globo, que negavam a exist\u00eancia de racismo no Brasil. A lei das cotas raciais foi aprovada em 2012.<\/p>\n<p>Atualmente, \u00e9 professora adjunta da\u00a0<a href=\"https:\/\/pt.wikipedia.org\/wiki\/Universidade_da_Integra%C3%A7%C3%A3o_Internacional_da_Lusofonia_Afro-Brasileira\">Universidade da Integra\u00e7\u00e3o Internacional da Lusofonia Afro-Brasileira<\/a>. Trabalhou no campus dos Mal\u00eas em\u00a0<a href=\"https:\/\/pt.wikipedia.org\/wiki\/S%C3%A3o_Francisco_do_Conde\">S\u00e3o Francisco do Conde<\/a>, na\u00a0<a href=\"https:\/\/pt.wikipedia.org\/wiki\/Bahia\">Bahia<\/a>, e hoje est\u00e1 lotada na sede da institui\u00e7\u00e3o em\u00a0<a href=\"https:\/\/pt.wikipedia.org\/wiki\/Reden%C3%A7%C3%A3o\">Reden\u00e7\u00e3o<\/a>\u00a0no\u00a0<a href=\"https:\/\/pt.wikipedia.org\/wiki\/Cear%C3%A1\">Cear\u00e1<\/a>.<\/p>\n<p>Biografia<\/p>\n<p>Militante do\u00a0<a href=\"https:\/\/pt.wikipedia.org\/wiki\/Movimento_negro_no_Brasil\">movimento negro<\/a>\u00a0e do\u00a0<a href=\"https:\/\/pt.wikipedia.org\/wiki\/Feminismo\">feminismo<\/a>, formou-se em\u00a0<a href=\"https:\/\/pt.wikipedia.org\/wiki\/Servi%C3%A7o_social\">servi\u00e7o social<\/a>\u00a0na\u00a0<a href=\"https:\/\/pt.wikipedia.org\/wiki\/Pontif%C3%ADcia_Universidade_Cat%C3%B3lica_de_S%C3%A3o_Paulo\">Pontif\u00edcia Universidade Cat\u00f3lica de S\u00e3o Paulo<\/a>\u00a0(PUC-SP). Nascida numa fam\u00edlia de baixa renda, \u00e9 filiada ao\u00a0<a href=\"https:\/\/pt.wikipedia.org\/wiki\/Partido_dos_Trabalhadores\">Partido dos Trabalhadores<\/a>\u00a0(PT). Ap\u00f3s participar da equipe da campanha petista vitoriosa nas\u00a0<a href=\"https:\/\/pt.wikipedia.org\/wiki\/Elei%C3%A7%C3%A3o_presidencial_no_Brasil_em_2002\">elei\u00e7\u00f5es presidenciais de 2002<\/a>, ela foi convidada pelo presidente\u00a0<a href=\"https:\/\/pt.wikipedia.org\/wiki\/Luiz_In%C3%A1cio_Lula_da_Silva\">Luiz In\u00e1cio Lula da Silva<\/a>\u00a0para integrar o primeiro-escal\u00e3o do governo em mar\u00e7o de 2003.\u00a0Ocupou at\u00e9 1 de fevereiro de 2008 a\u00a0<a href=\"https:\/\/pt.wikipedia.org\/wiki\/Secretaria_de_Pol%C3%ADticas_de_Promo%C3%A7%C3%A3o_da_Igualdade_Racial\">Secretaria Especial de Pol\u00edticas de Promo\u00e7\u00e3o da Igualdade Racial<\/a>\u00a0(SEPPIR), que tem\u00a0<em>status<\/em>\u00a0de minist\u00e9rio.<\/p>\n<p>Esteve em\u00a0<a href=\"https:\/\/pt.wikipedia.org\/wiki\/Manaus\">Manaus<\/a>, em abril de 2005, na I Confer\u00eancia Estadual de Pol\u00edticas de Promo\u00e7\u00e3o da Igualdade Racial, marcada pelo protestos do movimento mesti\u00e7o\u00a0contra a pol\u00edtica de n\u00e3o-reconhecimento da\u00a0<a href=\"https:\/\/pt.wikipedia.org\/wiki\/Caboclo\">identidade cabocla<\/a>\u00a0pela SEPPIR.\u00a0Mesmo assim, em agosto do mesmo ano, foi admitida pelo presidente Lula a integrar a\u00a0<a href=\"https:\/\/pt.wikipedia.org\/wiki\/Ordem_de_Rio_Branco\">Ordem de Rio Branco<\/a>\u00a0j\u00e1 em seu \u00faltimo grau, a Gr\u00e3-Cruz suplementar.<\/p>\n<p>Carreira Acad\u00eamica<\/p>\n<p>Aprovada em concurso p\u00fablico, Matilde Ribeiro \u00e9 desde maio de 2014 professora no Instituto de Humanidades e Letras da\u00a0<a href=\"https:\/\/pt.wikipedia.org\/wiki\/Universidade_da_Integra%C3%A7%C3%A3o_Internacional_da_Lusofonia_Afro-Brasileira\">Universidade da Integra\u00e7\u00e3o Internacional da Lusofonia Afro-Brasileira<\/a>. Em 2014 lan\u00e7ou o livro Pol\u00edticas de Promo\u00e7\u00e3o da Igualdade Racial no Brasil (1986-2010) (Garamond, 2014), que foi saudado por Kabengele Munanga e Nilma Lino Gomes como uma refer\u00eancia fundamental para todos os estudiosos do tema.<\/p>\n<p>Controv\u00e9rsias<\/p>\n<p><strong>Declara\u00e7\u00f5es pol\u00eamicas<\/strong><\/p>\n<p>Frases suas abordando a quest\u00e3o das\u00a0<a href=\"https:\/\/pt.wikipedia.org\/wiki\/Quotas_raciais_no_Brasil\">quotas raciais<\/a>\u00a0nas universidades p\u00fablicas, &#8220;Acho melhor ter brancos ressentidos, mas negros dentro das universidades do que ter branco feliz e negro fora da universidade&#8221;.\u00a0Em uma entrevista \u00e0\u00a0<a href=\"https:\/\/pt.wikipedia.org\/wiki\/BBC_Brasil\">BBC Brasil<\/a>, a ministra causou pol\u00eamica ao declarar que &#8220;n\u00e3o \u00e9 racismo quando um negro se insurge contra um branco&#8221;, e que &#8220;[a] rea\u00e7\u00e3o de um negro de n\u00e3o querer conviver com um branco, ou n\u00e3o gostar de um branco, [\u2026] \u00e9 natural&#8221;.\u00a0Ap\u00f3s repercuss\u00e3o negativa,\u00a0a SEPPIR divulgou nota de esclarecimento assim como houve nota da pr\u00f3pria ministra no site do PT. Diversas entidades e institui\u00e7\u00f5es, inclusive afrodescendentes,\u00a0manifestaram-se contra as declara\u00e7\u00f5es da ministra. No entanto, Matilde Ribeiro foi absolvida pelo\u00a0<a href=\"https:\/\/pt.wikipedia.org\/wiki\/Minist%C3%A9rio_P%C3%BAblico_no_Brasil\">Minist\u00e9rio P\u00fablico<\/a>\u00a0da acusa\u00e7\u00e3o de racismo, que ao analisar a \u00edntegra da entrevista concedida pela ent\u00e3o ministra para a BBC, constatou que &#8220;Ao contr\u00e1rio, a transcri\u00e7\u00e3o integral da entrevista demonstra que Matilde Ribeiro recha\u00e7ou tal possibilidade e expressamente desaprovou a conduta&#8221;.<\/p>\n<p>As declara\u00e7\u00f5es de Matilde Ribeiro, foram interpretadas de modo parcial pela imprensa, por exemplo, Reinaldo Azevedo, em mar\u00e7o de 2007, em blogue da revista\u00a0<a href=\"https:\/\/pt.wikipedia.org\/wiki\/Veja\"><em>Veja<\/em><\/a>, pedia que a ministra fosse demitida e processada.<\/p>\n<p>&nbsp;<\/p>\n<p>Pesquisa:\u00a0 Jose Lucas (Folha do Piraju\u00e7ara)<\/p>\n<p>Fonte: <a href=\"https:\/\/pt.wikipedia.org\">https:\/\/pt.wikipedia.org<\/a><\/p>\n","protected":false},"excerpt":{"rendered":"<p>Ela foi, sem duvida, a primeira Ministra negra do Pa\u00eds. Depois dela, luizlinda foi a segunda cronologicamente, mas sendo a<\/p>\n","protected":false},"author":3,"featured_media":7208,"comment_status":"open","ping_status":"open","sticky":false,"template":"","format":"standard","meta":{"colormag_page_container_layout":"default_layout","colormag_page_sidebar_layout":"default_layout","footnotes":""},"categories":[1,54,4],"tags":[],"class_list":["post-7207","post","type-post","status-publish","format-standard","has-post-thumbnail","hentry","category-destaque","category-historias-afro-brasileiras","category-noticias"],"_links":{"self":[{"href":"https:\/\/folhadopirajucara.com.br\/index.php\/wp-json\/wp\/v2\/posts\/7207"}],"collection":[{"href":"https:\/\/folhadopirajucara.com.br\/index.php\/wp-json\/wp\/v2\/posts"}],"about":[{"href":"https:\/\/folhadopirajucara.com.br\/index.php\/wp-json\/wp\/v2\/types\/post"}],"author":[{"embeddable":true,"href":"https:\/\/folhadopirajucara.com.br\/index.php\/wp-json\/wp\/v2\/users\/3"}],"replies":[{"embeddable":true,"href":"https:\/\/folhadopirajucara.com.br\/index.php\/wp-json\/wp\/v2\/comments?post=7207"}],"version-history":[{"count":1,"href":"https:\/\/folhadopirajucara.com.br\/index.php\/wp-json\/wp\/v2\/posts\/7207\/revisions"}],"predecessor-version":[{"id":7209,"href":"https:\/\/folhadopirajucara.com.br\/index.php\/wp-json\/wp\/v2\/posts\/7207\/revisions\/7209"}],"wp:featuredmedia":[{"embeddable":true,"href":"https:\/\/folhadopirajucara.com.br\/index.php\/wp-json\/wp\/v2\/media\/7208"}],"wp:attachment":[{"href":"https:\/\/folhadopirajucara.com.br\/index.php\/wp-json\/wp\/v2\/media?parent=7207"}],"wp:term":[{"taxonomy":"category","embeddable":true,"href":"https:\/\/folhadopirajucara.com.br\/index.php\/wp-json\/wp\/v2\/categories?post=7207"},{"taxonomy":"post_tag","embeddable":true,"href":"https:\/\/folhadopirajucara.com.br\/index.php\/wp-json\/wp\/v2\/tags?post=7207"}],"curies":[{"name":"wp","href":"https:\/\/api.w.org\/{rel}","templated":true}]}}