{"id":7210,"date":"2023-09-22T17:00:19","date_gmt":"2023-09-22T20:00:19","guid":{"rendered":"http:\/\/folhadopirajucara.com.br\/?p=7210"},"modified":"2023-09-25T13:01:56","modified_gmt":"2023-09-25T16:01:56","slug":"guarda-civil-municipal-de-itapecerica-da-serra-completa-29-anos","status":"publish","type":"post","link":"https:\/\/folhadopirajucara.com.br\/index.php\/2023\/09\/22\/guarda-civil-municipal-de-itapecerica-da-serra-completa-29-anos\/","title":{"rendered":"Guarda Civil Municipal de Itapecerica da Serra completa 29 anos"},"content":{"rendered":"<p>A Guarda Civil Municipal de Itapecerica da Serra foi criada pela lei municipal n\u00ba 833 de 22 de setembro de 1994. Iniciou suas atividades em 1\u00ba de mar\u00e7o de 1995 com um efetivo de 27 GCMs. Durante todos esses anos, a GCMIS j\u00e1 foi comandada por diversas pessoas que sempre procuraram trabalhar para proporcionar melhorias e avan\u00e7os \u00e0 corpora\u00e7\u00e3o.<\/p>\n<p>Atualmente, a Guarda conta com 97 integrantes, sendo 93 homens e 4 mulheres. Tem \u00e0 sua frente o\u00a0<strong>Comandante Marcos Davi dos Santos\u00a0<\/strong>e o\u00a0<strong>Sub Comandante William Ferreira de Oliveira<\/strong>, Possui uma\u00a0<strong>Corregedoria<\/strong>\u00a0composta por um Corregedor e um Ouvidor (sendo estes GCM\u2019s).\u00a0Possui:\u00a017\u00a0<strong>Viaturas<\/strong>,<strong>\u00a010<\/strong>\u00a0<strong>motocicletas, 2 drones,\u00a0<\/strong>e a\u00a0<strong>CECOM<\/strong>\u00a0\u2013 Central de Comunica\u00e7\u00e3o e Videomonitoramento.<\/p>\n<p>Em 2023 foram criados o GEPAD Ronda Escolar (Grupo de Educa\u00e7\u00e3o e Preven\u00e7\u00e3o \u00e0s Drogas) e a Patrulha Guardi\u00e3 Maria da Penha.<\/p>\n","protected":false},"excerpt":{"rendered":"<p>A Guarda Civil Municipal de Itapecerica da Serra foi criada pela lei municipal n\u00ba 833 de 22 de setembro de<\/p>\n","protected":false},"author":3,"featured_media":7211,"comment_status":"open","ping_status":"open","sticky":false,"template":"","format":"standard","meta":{"footnotes":""},"categories":[1,16,4],"tags":[],"class_list":["post-7210","post","type-post","status-publish","format-standard","has-post-thumbnail","hentry","category-destaque","category-itapecerica-da-serra","category-noticias"],"_links":{"self":[{"href":"https:\/\/folhadopirajucara.com.br\/index.php\/wp-json\/wp\/v2\/posts\/7210"}],"collection":[{"href":"https:\/\/folhadopirajucara.com.br\/index.php\/wp-json\/wp\/v2\/posts"}],"about":[{"href":"https:\/\/folhadopirajucara.com.br\/index.php\/wp-json\/wp\/v2\/types\/post"}],"author":[{"embeddable":true,"href":"https:\/\/folhadopirajucara.com.br\/index.php\/wp-json\/wp\/v2\/users\/3"}],"replies":[{"embeddable":true,"href":"https:\/\/folhadopirajucara.com.br\/index.php\/wp-json\/wp\/v2\/comments?post=7210"}],"version-history":[{"count":1,"href":"https:\/\/folhadopirajucara.com.br\/index.php\/wp-json\/wp\/v2\/posts\/7210\/revisions"}],"predecessor-version":[{"id":7212,"href":"https:\/\/folhadopirajucara.com.br\/index.php\/wp-json\/wp\/v2\/posts\/7210\/revisions\/7212"}],"wp:featuredmedia":[{"embeddable":true,"href":"https:\/\/folhadopirajucara.com.br\/index.php\/wp-json\/wp\/v2\/media\/7211"}],"wp:attachment":[{"href":"https:\/\/folhadopirajucara.com.br\/index.php\/wp-json\/wp\/v2\/media?parent=7210"}],"wp:term":[{"taxonomy":"category","embeddable":true,"href":"https:\/\/folhadopirajucara.com.br\/index.php\/wp-json\/wp\/v2\/categories?post=7210"},{"taxonomy":"post_tag","embeddable":true,"href":"https:\/\/folhadopirajucara.com.br\/index.php\/wp-json\/wp\/v2\/tags?post=7210"}],"curies":[{"name":"wp","href":"https:\/\/api.w.org\/{rel}","templated":true}]}}