{"id":7216,"date":"2023-09-23T07:38:16","date_gmt":"2023-09-23T10:38:16","guid":{"rendered":"http:\/\/folhadopirajucara.com.br\/?p=7216"},"modified":"2023-09-26T07:39:54","modified_gmt":"2023-09-26T10:39:54","slug":"reuniao-sobre-a-regularizacao-fundiaria-no-distrito-dos-barnabes","status":"publish","type":"post","link":"https:\/\/folhadopirajucara.com.br\/index.php\/2023\/09\/23\/reuniao-sobre-a-regularizacao-fundiaria-no-distrito-dos-barnabes\/","title":{"rendered":"Reuni\u00e3o sobre a regulariza\u00e7\u00e3o fundi\u00e1ria no Distrito dos Barnab\u00e9s"},"content":{"rendered":"<div>A Prefeitura Municipal de Juquitiba, representada pela equipe da Comiss\u00e3o Municipal de Regulariza\u00e7\u00e3o Fundi\u00e1ria (Reurb), realizou no \u00faltimo dia 21\/09, uma reuni\u00e3o com os moradores do Distrito dos Barnab\u00e9s. O encontro teve o objetivo de esclarecer sobre o procedimento da regulariza\u00e7\u00e3o fundi\u00e1ria e a Lei n\u00ba 13.465\/2.017. Al\u00e9m disso, apresentou-se aos moradores o per\u00edmetro do Distrito que ser\u00e1 regularizado nesta primeira fase.<\/div>\n<div>A pr\u00f3xima etapa da Reurb no Distrito ser\u00e1 o Cadastro Social dos Moradores, que acontecer\u00e1 de 05 a 10 de outubro de 2.023. Nesse per\u00edodo, os t\u00e9cnicos da Cidade Legal visitar\u00e3o as resid\u00eancias dos moradores e far\u00e3o as entrevistas necess\u00e1rias para a futura emiss\u00e3o do t\u00edtulo de propriedade definitiva (matr\u00edcula do im\u00f3vel).<\/div>\n<div>Qualquer d\u00favida sobre o Cadastro Social poder\u00e1 ser encaminhada ao e-mail reurb@juquitiba.sp.gov.br, ou atrav\u00e9s do telefone 4681-4311.<\/div>\n<div><\/div>\n<div>*fonte: Comun. Juquitiba<\/div>\n","protected":false},"excerpt":{"rendered":"<p>A Prefeitura Municipal de Juquitiba, representada pela equipe da Comiss\u00e3o Municipal de Regulariza\u00e7\u00e3o Fundi\u00e1ria (Reurb), realizou no \u00faltimo dia 21\/09,<\/p>\n","protected":false},"author":3,"featured_media":7217,"comment_status":"open","ping_status":"open","sticky":false,"template":"","format":"standard","meta":{"footnotes":""},"categories":[1,17,4],"tags":[],"class_list":["post-7216","post","type-post","status-publish","format-standard","has-post-thumbnail","hentry","category-destaque","category-juquitiba","category-noticias"],"_links":{"self":[{"href":"https:\/\/folhadopirajucara.com.br\/index.php\/wp-json\/wp\/v2\/posts\/7216"}],"collection":[{"href":"https:\/\/folhadopirajucara.com.br\/index.php\/wp-json\/wp\/v2\/posts"}],"about":[{"href":"https:\/\/folhadopirajucara.com.br\/index.php\/wp-json\/wp\/v2\/types\/post"}],"author":[{"embeddable":true,"href":"https:\/\/folhadopirajucara.com.br\/index.php\/wp-json\/wp\/v2\/users\/3"}],"replies":[{"embeddable":true,"href":"https:\/\/folhadopirajucara.com.br\/index.php\/wp-json\/wp\/v2\/comments?post=7216"}],"version-history":[{"count":1,"href":"https:\/\/folhadopirajucara.com.br\/index.php\/wp-json\/wp\/v2\/posts\/7216\/revisions"}],"predecessor-version":[{"id":7218,"href":"https:\/\/folhadopirajucara.com.br\/index.php\/wp-json\/wp\/v2\/posts\/7216\/revisions\/7218"}],"wp:featuredmedia":[{"embeddable":true,"href":"https:\/\/folhadopirajucara.com.br\/index.php\/wp-json\/wp\/v2\/media\/7217"}],"wp:attachment":[{"href":"https:\/\/folhadopirajucara.com.br\/index.php\/wp-json\/wp\/v2\/media?parent=7216"}],"wp:term":[{"taxonomy":"category","embeddable":true,"href":"https:\/\/folhadopirajucara.com.br\/index.php\/wp-json\/wp\/v2\/categories?post=7216"},{"taxonomy":"post_tag","embeddable":true,"href":"https:\/\/folhadopirajucara.com.br\/index.php\/wp-json\/wp\/v2\/tags?post=7216"}],"curies":[{"name":"wp","href":"https:\/\/api.w.org\/{rel}","templated":true}]}}