{"id":7233,"date":"2023-09-25T17:55:04","date_gmt":"2023-09-25T20:55:04","guid":{"rendered":"http:\/\/folhadopirajucara.com.br\/?p=7233"},"modified":"2023-09-26T17:56:51","modified_gmt":"2023-09-26T20:56:51","slug":"a-campanha-setembro-amarelo-salva-vidas-afirma-dr-andre-da-sorriso","status":"publish","type":"post","link":"https:\/\/folhadopirajucara.com.br\/index.php\/2023\/09\/25\/a-campanha-setembro-amarelo-salva-vidas-afirma-dr-andre-da-sorriso\/","title":{"rendered":"\u201cA campanha Setembro Amarelo salva vidas\u201d, afirma Dr. Andr\u00e9 da Sorriso"},"content":{"rendered":"<p><img loading=\"lazy\" decoding=\"async\" class=\"size-medium wp-image-7224 alignleft\" src=\"https:\/\/folhadopirajucara.com.br\/wp-content\/uploads\/2023\/09\/Evento-Setembro-Amarelo-2-300x199.jpeg\" alt=\"\" width=\"300\" height=\"199\" srcset=\"https:\/\/folhadopirajucara.com.br\/wp-content\/uploads\/2023\/09\/Evento-Setembro-Amarelo-2-300x199.jpeg 300w, https:\/\/folhadopirajucara.com.br\/wp-content\/uploads\/2023\/09\/Evento-Setembro-Amarelo-2.jpeg 591w\" sizes=\"(max-width: 300px) 100vw, 300px\" \/>A C\u00e2mara Municipal de Tabo\u00e3o da Serra recebeu no \u00faltimo dia 18\/09, a Campanha Setembro Amarelo, que busca conscientizar sobre a preven\u00e7\u00e3o ao suic\u00eddio. O evento foi realizado pela Secretaria Municipal de Sa\u00fade e organizado pela coordenadora de sa\u00fade mental, Vanini Mandaj.<\/p>\n<p>O presidente do legislativo, vereador Dr. Andr\u00e9 do Sorriso, participou do evento e elogiou a iniciativa da prefeitura em promover a\u00e7\u00f5es de preven\u00e7\u00e3o ao suic\u00eddio. \u201cO Setembro Amarelo \u00e9 uma campanha que eu defendo. Por isso fiz quest\u00e3o de participar e prestigiar essa a\u00e7\u00e3o muito bem organizada pela Vanini e por toda equipe do governo municipal\u201d.<\/p>\n<p>De acordo com Dr. Andr\u00e9 da Sorriso, a campanha Setembro Amarelo pode salvar muitas vidas. \u201cO suic\u00eddio \u00e9 uma triste realidade. No Brasil, por dia, s\u00e3o registrados 38 casos e o lema da campanha deste ano \u2018Se precisar, pe\u00e7a ajuda\u2019, resume bem que podemos ajudar. \u00c0s vezes uma palavra e um momento de aten\u00e7\u00e3o podem ajudar a pessoa que esteja passando por um momento dif\u00edcil\u201d, lembrou.<\/p>\n<p>Ap\u00f3s a abertura e credenciamento, o evento recebeu diversas palestras. A psiquiatra, Dra. Aparecida Libano falou sobre sa\u00fade mental na inf\u00e2ncia e adolesc\u00eancia. J\u00e1 a palestra \u2018Cuidado da sa\u00fade mental com os funcion\u00e1rios da PMTS\u2019 foi ministrada pelo psic\u00f3logo Daniel Carvalho. O psiquiatra Fernando Arruda abordou o tema Sa\u00fade Mental Adulto. Por \u00faltimo, Adriana Sivieri, dissertou sobre \u2018Educa\u00e7\u00e3o e sa\u00fade nos cuidados da sa\u00fade mental com os professores\u2019.<\/p>\n<p>Ap\u00f3s as palestras, a coordenadora de sa\u00fade mental da Prefeitura de Tabo\u00e3o da Serra, Vanini Mandaj falou sobre a import\u00e2ncia do encontro. \u201cHoje foi um evento que procuramos mostrar que os cuidados em sa\u00fade mental \u00e9 mais do que fazer uma consulta com o psiquiatra, psic\u00f3logo e ter um transtorno. Existem cuidados que antecedem tudo isso e que s\u00e3o de responsabilidade coletiva\u201d, afirma.<\/p>\n<p>Sobre a campanha Setembro Amarelo, Vanini lembrou que os cuidados tamb\u00e9m podem serem feitos atrav\u00e9s de v\u00ednculos afetivos, boa alimenta\u00e7\u00e3o, exerc\u00edcios f\u00edsicos, al\u00e9m de ambientes saud\u00e1veis com a fam\u00edlia, no trabalho e escola.<\/p>\n<p>O evento \u2013 realizado pela Secretaria Municipal de Sa\u00fade em parceria com a Escola do Legislativo &#8211; foi encerrado com apresenta\u00e7\u00e3o da banda de Rock do Caps II.<\/p>\n<p><strong>Fotos: Divulga\u00e7\u00e3o \/ CMTS<\/strong><\/p>\n","protected":false},"excerpt":{"rendered":"<p>A C\u00e2mara Municipal de Tabo\u00e3o da Serra recebeu no \u00faltimo dia 18\/09, a Campanha Setembro Amarelo, que busca conscientizar sobre<\/p>\n","protected":false},"author":3,"featured_media":7223,"comment_status":"open","ping_status":"open","sticky":false,"template":"","format":"standard","meta":{"footnotes":""},"categories":[1],"tags":[],"class_list":["post-7233","post","type-post","status-publish","format-standard","has-post-thumbnail","hentry","category-destaque"],"_links":{"self":[{"href":"https:\/\/folhadopirajucara.com.br\/index.php\/wp-json\/wp\/v2\/posts\/7233"}],"collection":[{"href":"https:\/\/folhadopirajucara.com.br\/index.php\/wp-json\/wp\/v2\/posts"}],"about":[{"href":"https:\/\/folhadopirajucara.com.br\/index.php\/wp-json\/wp\/v2\/types\/post"}],"author":[{"embeddable":true,"href":"https:\/\/folhadopirajucara.com.br\/index.php\/wp-json\/wp\/v2\/users\/3"}],"replies":[{"embeddable":true,"href":"https:\/\/folhadopirajucara.com.br\/index.php\/wp-json\/wp\/v2\/comments?post=7233"}],"version-history":[{"count":1,"href":"https:\/\/folhadopirajucara.com.br\/index.php\/wp-json\/wp\/v2\/posts\/7233\/revisions"}],"predecessor-version":[{"id":7234,"href":"https:\/\/folhadopirajucara.com.br\/index.php\/wp-json\/wp\/v2\/posts\/7233\/revisions\/7234"}],"wp:featuredmedia":[{"embeddable":true,"href":"https:\/\/folhadopirajucara.com.br\/index.php\/wp-json\/wp\/v2\/media\/7223"}],"wp:attachment":[{"href":"https:\/\/folhadopirajucara.com.br\/index.php\/wp-json\/wp\/v2\/media?parent=7233"}],"wp:term":[{"taxonomy":"category","embeddable":true,"href":"https:\/\/folhadopirajucara.com.br\/index.php\/wp-json\/wp\/v2\/categories?post=7233"},{"taxonomy":"post_tag","embeddable":true,"href":"https:\/\/folhadopirajucara.com.br\/index.php\/wp-json\/wp\/v2\/tags?post=7233"}],"curies":[{"name":"wp","href":"https:\/\/api.w.org\/{rel}","templated":true}]}}