{"id":7251,"date":"2023-09-26T19:30:02","date_gmt":"2023-09-26T22:30:02","guid":{"rendered":"http:\/\/folhadopirajucara.com.br\/?p=7251"},"modified":"2023-09-28T19:33:51","modified_gmt":"2023-09-28T22:33:51","slug":"semana-nacional-do-transito-2023-acoes-da-sstt-marcam-importante-data-em-itapecerica-da-serra","status":"publish","type":"post","link":"https:\/\/folhadopirajucara.com.br\/index.php\/2023\/09\/26\/semana-nacional-do-transito-2023-acoes-da-sstt-marcam-importante-data-em-itapecerica-da-serra\/","title":{"rendered":"Semana Nacional do Tr\u00e2nsito 2023: A\u00e7\u00f5es da SSTT marcam importante data em Itapecerica da Serra"},"content":{"rendered":"<p>Diversas iniciativas da Secretaria de Seguran\u00e7a, Tr\u00e2nsito e Transporte (SSTT) de Itapecerica da Serra destacaram a Semana Nacional do Tr\u00e2nsito 2023 na cidade. Com a participa\u00e7\u00e3o dos agentes de tr\u00e2nsito e apoio da Guarda Civil Municipal foram promovidos importantes trabalhos de educa\u00e7\u00e3o e conscientiza\u00e7\u00e3o.<\/p>\n<p>Entre as principais a\u00e7\u00f5es estiveram: a exposi\u00e7\u00e3o de faixas com frases educativas aos condutores e pedestres instaladas em diversos pontos movimentados e estrat\u00e9gicos da cidade; ciclo de palestras com estudantes e distribui\u00e7\u00e3o de kits.<\/p>\n<p>A Semana Nacional do Tr\u00e2nsito \u00e9 comemorada todos os anos entre os dias 18 e 25 de setembro, conforme disposto no CTB. Em todos os meses do ano, mas de forma concentrada neste m\u00eas, os \u00f3rg\u00e3os e entidades do Sistema Nacional de Tr\u00e2nsito empenham-se em suas atividades de educa\u00e7\u00e3o, fiscaliza\u00e7\u00e3o e engenharia para, de forma conjunta, trabalhar na constru\u00e7\u00e3o de vias e espa\u00e7os mais seguros e sustent\u00e1veis ambientalmente.<\/p>\n<p>O objetivo da Semana \u00e9 promover a reflex\u00e3o sobre a forma como nos deslocamos nas cidades e os enormes problemas que o uso excessivo dos ve\u00edculos pode causar ao meio ambiente e ao bem-estar da sociedade.<\/p>\n<p>Com o tema: \u201dNo tr\u00e2nsito, escolha a vida\u201d, a mensagem para as Campanhas Educativas de Tr\u00e2nsito deste ano direciona as atividades para a mobiliza\u00e7\u00e3o da sociedade em busca de uma cultura de seguran\u00e7a no tr\u00e2nsito mais s\u00f3lida e consistente. O cuidado com os mais vulner\u00e1veis, o acalmamento do tr\u00e1fego, a acessibilidade e sustentabilidade s\u00e3o as ideias centrais associadas tanto \u00e0 Semana da Mobilidade quanto \u00e0 Semana Nacional de Tr\u00e2nsito, direcionando as campanhas educativas durante este per\u00edodo.<\/p>\n<p>&nbsp;<\/p>\n<p>*fonte:\u00a0itapecerica.sp.gov.br<\/p>\n","protected":false},"excerpt":{"rendered":"<p>Diversas iniciativas da Secretaria de Seguran\u00e7a, Tr\u00e2nsito e Transporte (SSTT) de Itapecerica da Serra destacaram a Semana Nacional do Tr\u00e2nsito<\/p>\n","protected":false},"author":3,"featured_media":7252,"comment_status":"open","ping_status":"open","sticky":false,"template":"","format":"standard","meta":{"footnotes":""},"categories":[1,16,4],"tags":[],"class_list":["post-7251","post","type-post","status-publish","format-standard","has-post-thumbnail","hentry","category-destaque","category-itapecerica-da-serra","category-noticias"],"_links":{"self":[{"href":"https:\/\/folhadopirajucara.com.br\/index.php\/wp-json\/wp\/v2\/posts\/7251"}],"collection":[{"href":"https:\/\/folhadopirajucara.com.br\/index.php\/wp-json\/wp\/v2\/posts"}],"about":[{"href":"https:\/\/folhadopirajucara.com.br\/index.php\/wp-json\/wp\/v2\/types\/post"}],"author":[{"embeddable":true,"href":"https:\/\/folhadopirajucara.com.br\/index.php\/wp-json\/wp\/v2\/users\/3"}],"replies":[{"embeddable":true,"href":"https:\/\/folhadopirajucara.com.br\/index.php\/wp-json\/wp\/v2\/comments?post=7251"}],"version-history":[{"count":1,"href":"https:\/\/folhadopirajucara.com.br\/index.php\/wp-json\/wp\/v2\/posts\/7251\/revisions"}],"predecessor-version":[{"id":7253,"href":"https:\/\/folhadopirajucara.com.br\/index.php\/wp-json\/wp\/v2\/posts\/7251\/revisions\/7253"}],"wp:featuredmedia":[{"embeddable":true,"href":"https:\/\/folhadopirajucara.com.br\/index.php\/wp-json\/wp\/v2\/media\/7252"}],"wp:attachment":[{"href":"https:\/\/folhadopirajucara.com.br\/index.php\/wp-json\/wp\/v2\/media?parent=7251"}],"wp:term":[{"taxonomy":"category","embeddable":true,"href":"https:\/\/folhadopirajucara.com.br\/index.php\/wp-json\/wp\/v2\/categories?post=7251"},{"taxonomy":"post_tag","embeddable":true,"href":"https:\/\/folhadopirajucara.com.br\/index.php\/wp-json\/wp\/v2\/tags?post=7251"}],"curies":[{"name":"wp","href":"https:\/\/api.w.org\/{rel}","templated":true}]}}