{"id":7274,"date":"2023-10-13T00:16:10","date_gmt":"2023-10-13T03:16:10","guid":{"rendered":"http:\/\/folhadopirajucara.com.br\/?p=7274"},"modified":"2023-10-13T00:16:10","modified_gmt":"2023-10-13T03:16:10","slug":"jacinta-de-siqueira-a-descobridora-do-ouro","status":"publish","type":"post","link":"https:\/\/folhadopirajucara.com.br\/index.php\/2023\/10\/13\/jacinta-de-siqueira-a-descobridora-do-ouro\/","title":{"rendered":"Jacinta de Siqueira, a descobridora do ouro"},"content":{"rendered":"<blockquote>\n<p style=\"text-align: center;\"><strong>Sabe-se que era africana, natural da Costa da Mina, e foi escravizada e trazida para o Brasil, certamente com algum conhecimento do garimpo, atividade comum em seu pa\u00eds de origem<\/strong><\/p>\n<\/blockquote>\n<p>&nbsp;<\/p>\n<p><strong>Jacinta de Siqueira<\/strong>, ou ainda\u00a0<strong>Jacinta da Siqueira<\/strong>\u00a0(<a href=\"https:\/\/pt.wikipedia.org\/wiki\/Costa_da_Mina\">Costa da Mina<\/a>, 1680 &#8211;\u00a0<a href=\"https:\/\/pt.wikipedia.org\/wiki\/Serro\">Vila do Pr\u00edncipe<\/a>, abril de 1751)\u00a0foi uma mulher negra alforriada que reuniu consider\u00e1vel patrim\u00f4nio durante o\u00a0<a href=\"https:\/\/pt.wikipedia.org\/wiki\/Brasil_Col%C3%B4nia\">Brasil Col\u00f4nia<\/a>, adquirindo para si um enorme plantel de escravizados africanos. Sua trajet\u00f3ria \u00e9 comparada a hist\u00f3ria de\u00a0<a href=\"https:\/\/pt.wikipedia.org\/wiki\/Chica_da_Silva\">Chica da Silva<\/a>.<\/p>\n<p>Sabe-se que teria migrado para o Serro com um plantel de cativos africanos, j\u00e1 liberta pelo seu antigo senhor, Ant\u00f4nio Jos\u00e9 de Campos Lara. Tornou-se concubina de Campos Lara e a partir desse relacionamento adquiriu lavras privilegiadas na regi\u00e3o e conseguiu que o povoamento da Vila do Pr\u00edncipe se desse nas redondezas de sua fazenda e de suas lavras.<\/p>\n<p>Tamb\u00e9m se relacionou com outros homens importantes, o que permitiu o impulsionamento de seus neg\u00f3cios e interesses. Ela soube se aproveitar do seu prestigio junto aos membros da elite bandeirante paulista e baiana, e conjuntamente a sua ascens\u00e3o econ\u00f4mica, conseguiu adentrar no mundo social dos brancos. Tendo pertencido a ricas irmandantes e sendo paragem certa para os homens importantes que passavam pela regi\u00e3o.<\/p>\n<p style=\"text-align: center;\"><strong>Biografia<\/strong><\/p>\n<p>Jacinta de Siqueira foi sequestrada em solo africano e vendida no\u00a0<a href=\"https:\/\/pt.wikipedia.org\/wiki\/Elmina\">Porto de S\u00e3o Jorge da Mina<\/a>. Teria chegado a regi\u00e3o do Serro entre 1703 e 1711, vinda da\u00a0<a href=\"https:\/\/pt.wikipedia.org\/wiki\/Capitania_da_Ba%C3%ADa_de_Todos_os_Santos\">Bahia<\/a>. Quando chegou j\u00e1 era uma mulher livre, sendo companheiro do capit\u00e3o Ant\u00f4nio Jos\u00e9 de Campos Lara, possuindo cerca de 10 escravizados africanos.<\/p>\n<p>Entre 1718 e 1720 j\u00e1 era a maior propriet\u00e1ria de escravizados a servi\u00e7o da\u00a0<a href=\"https:\/\/pt.wikipedia.org\/wiki\/Garimpo\">minera\u00e7\u00e3o aurifera<\/a>. No \u00e1pice de sua riqueza chegou a ter 63 escravizados. No fim da vida possu\u00eda 27 cativos, a maioria estando alugada para o contratador de diamantes.<\/p>\n<p>Teve ao longo da vida quatro filhas, todas sendo fruto de seus relacionamentos com homens importantes. \u00c9 o caso de Bernarda da Concei\u00e7\u00e3o e Lara, que era filha do capit\u00e3o Campos Lara, de Rita Mascarenhas, filha do juiz Louren\u00e7o Carlos Mascarenhas de Ara\u00fajo e de Josefa Gon\u00e7alves Siqueira, filha do capit\u00e3o Ant\u00f4nio Gon\u00e7alves de Oliveira. N\u00e3o se sabe exatamente quem foi o pai de Quit\u00e9ria Joana Batista Lopes e nem de Vit\u00f3ria Pereira Tavares, falecida na inf\u00e2ncia. Todas as quatro filhas que chegaram a idade adulta tiveram bons casamentos, com homens da alta sociedade.<\/p>\n<p>Jacinta faleceu em 1751, sendo sepultada no interior da matriz de Nossa Senhora da Concei\u00e7\u00e3o da Vila do Pr\u00edncipe, em campa encomendada, sob os ausp\u00edcios da Irmandade de Nossa Senhora do Ros\u00e1rio.<\/p>\n<p style=\"text-align: center;\"><strong>Funda\u00e7\u00e3o da Vila do Pr\u00edncipe<\/strong><\/p>\n<p>O ouvidor Lu\u00eds Botelho de Queir\u00f3s teria ordenado a constru\u00e7\u00e3o de um centro administrativo para a rec\u00e9m criada Vila do Pr\u00edncipe. Para tal indicou que o\u00a0<a href=\"https:\/\/pt.wikipedia.org\/wiki\/Pelourinho\">pelourinho<\/a>\u00a0fosse instalado em um local a 2 l\u00e9guas do\u00a0<a href=\"https:\/\/pt.wikipedia.org\/wiki\/Diamantina\">Arraial do Tejudo<\/a>. Pouco tempo depois, todavia, o juiz Ant\u00f4nio Quaresma ordenou a mudan\u00e7a do local, desta vez para 9 l\u00e9guas. O local mais distante e mais dificultoso ficava, todavia, mais pr\u00f3ximo ao sitio e as lavras de Jacinta de Siqueira. Em torno desse novo centro, que privilegiava a negra alforriada, a popula\u00e7\u00e3o do povoado teve que se rearranjar, prosperando o n\u00facleo urbano.<\/p>\n<p style=\"text-align: center;\"><strong>Testamento e bens<\/strong><\/p>\n<p>Quando veio a falecer, declarou em seu testamento que possu\u00eda uma fazenda, uma rocinha, a casa onde morava, suas antigas lavras de ouro e um plantel de 27 cativos, a maioria alugada para o contratador de diamantes. O que chama a aten\u00e7\u00e3o no invent\u00e1rio eram os m\u00f3veis, luxuosos frente a realidade prec\u00e1ria da vida das habita\u00e7\u00f5es da \u00e9poca.<\/p>\n<p>Possu\u00eda um catre (cama) de jacarand\u00e1 torneado, com cortinado e uma colcha de seda, onde podia dormir confortavelmente entre len\u00e7\u00f3is e fronhas de linho [&#8230;] possu\u00eda dois orat\u00f3rios e v\u00e1rias imagens de santos com coroas de ouro e prata. Sua mesa era posta com garfos e colheres de prata, lou\u00e7as da \u00edndia, toalhas de mesa com guardanapos de renda e linho, onde podia receber seus convivas refinando-lhes o paladar com o fino chocolate derretido em sua chocolateira, acompanhado de p\u00e3o de l\u00f3. O licor e os sucos eram servidos em suas garrafas e copos de cristal.<\/p>\n<p>&nbsp;<\/p>\n<p>*pesquisa:\u00a0Jose Lucas<\/p>\n<p>*fonte: <a href=\"https:\/\/pt.wikipedia.org\">https:\/\/pt.wikipedia.org<\/a><\/p>\n","protected":false},"excerpt":{"rendered":"<p>Sabe-se que era africana, natural da Costa da Mina, e foi escravizada e trazida para o Brasil, certamente com algum<\/p>\n","protected":false},"author":3,"featured_media":7275,"comment_status":"open","ping_status":"open","sticky":false,"template":"","format":"standard","meta":{"footnotes":""},"categories":[1,54,4],"tags":[],"class_list":["post-7274","post","type-post","status-publish","format-standard","has-post-thumbnail","hentry","category-destaque","category-historias-afro-brasileiras","category-noticias"],"_links":{"self":[{"href":"https:\/\/folhadopirajucara.com.br\/index.php\/wp-json\/wp\/v2\/posts\/7274"}],"collection":[{"href":"https:\/\/folhadopirajucara.com.br\/index.php\/wp-json\/wp\/v2\/posts"}],"about":[{"href":"https:\/\/folhadopirajucara.com.br\/index.php\/wp-json\/wp\/v2\/types\/post"}],"author":[{"embeddable":true,"href":"https:\/\/folhadopirajucara.com.br\/index.php\/wp-json\/wp\/v2\/users\/3"}],"replies":[{"embeddable":true,"href":"https:\/\/folhadopirajucara.com.br\/index.php\/wp-json\/wp\/v2\/comments?post=7274"}],"version-history":[{"count":1,"href":"https:\/\/folhadopirajucara.com.br\/index.php\/wp-json\/wp\/v2\/posts\/7274\/revisions"}],"predecessor-version":[{"id":7276,"href":"https:\/\/folhadopirajucara.com.br\/index.php\/wp-json\/wp\/v2\/posts\/7274\/revisions\/7276"}],"wp:featuredmedia":[{"embeddable":true,"href":"https:\/\/folhadopirajucara.com.br\/index.php\/wp-json\/wp\/v2\/media\/7275"}],"wp:attachment":[{"href":"https:\/\/folhadopirajucara.com.br\/index.php\/wp-json\/wp\/v2\/media?parent=7274"}],"wp:term":[{"taxonomy":"category","embeddable":true,"href":"https:\/\/folhadopirajucara.com.br\/index.php\/wp-json\/wp\/v2\/categories?post=7274"},{"taxonomy":"post_tag","embeddable":true,"href":"https:\/\/folhadopirajucara.com.br\/index.php\/wp-json\/wp\/v2\/tags?post=7274"}],"curies":[{"name":"wp","href":"https:\/\/api.w.org\/{rel}","templated":true}]}}