{"id":7281,"date":"2023-10-11T11:14:38","date_gmt":"2023-10-11T14:14:38","guid":{"rendered":"http:\/\/folhadopirajucara.com.br\/?p=7281"},"modified":"2023-10-15T11:16:16","modified_gmt":"2023-10-15T14:16:16","slug":"escola-do-legislativo-abre-curso-de-inclusao-digital-para-terceira-idade-em-taboao-da-serra","status":"publish","type":"post","link":"https:\/\/folhadopirajucara.com.br\/index.php\/2023\/10\/11\/escola-do-legislativo-abre-curso-de-inclusao-digital-para-terceira-idade-em-taboao-da-serra\/","title":{"rendered":"Escola do Legislativo abre curso de Inclus\u00e3o Digital para Terceira Idade em Tabo\u00e3o da Serra"},"content":{"rendered":"<p>A C\u00e2mara Municipal de Tabo\u00e3o da Serra, atrav\u00e9s da Escola do Legislativo, abre inscri\u00e7\u00f5es para o curso gratuito de inform\u00e1tica com foco na inclus\u00e3o digital e cidadania para pessoas da terceira idade. Ao todo s\u00e3o 16 vagas. Os requisitos s\u00e3o ter o ensino fundamental e acima de 60 anos.<\/p>\n<p>Os participantes v\u00e3o acessar conte\u00fados b\u00e1sicos como programas de edi\u00e7\u00e3o de texto e imagens. Outro ponto importante do curso ser\u00e1 ensinar como fazer uso dos aplicativos mais comuns: iFood, Uber, Whatsapp e as principais redes sociais.<\/p>\n<p>&nbsp;<\/p>\n<p><strong>SERVI\u00c7O:<\/strong><\/p>\n<p>&nbsp;<\/p>\n<p><strong>Inclus\u00e3o Digital e Cidadania para Terceira Idade<\/strong><\/p>\n<p>Carga Hor\u00e1ria: 20 horas<\/p>\n<p>Exig\u00eancia: Ensino Fundamental<\/p>\n<p>Dia e Hora de Aula: Toda quarta-feira \/ \u00e0s 8h<\/p>\n<p>Local: C\u00e2mara Municipal de Tabo\u00e3o da Serra (Estrada S\u00e3o Francisco, 2013 &#8211; Jardim Helena)<\/p>\n<p>Inscri\u00e7\u00e3o: <a href=\"https:\/\/camarataboao.sp.gov.br\/escola-do-legislativo-abre-curso-de-inclusao-digital-para-terceira-idade\/\">https:\/\/camarataboao.sp.gov.br\/escola-do-legislativo-abre-curso-de-inclusao-digital-para-terceira-idade\/<\/a><\/p>\n","protected":false},"excerpt":{"rendered":"<p>A C\u00e2mara Municipal de Tabo\u00e3o da Serra, atrav\u00e9s da Escola do Legislativo, abre inscri\u00e7\u00f5es para o curso gratuito de inform\u00e1tica<\/p>\n","protected":false},"author":3,"featured_media":7282,"comment_status":"open","ping_status":"open","sticky":false,"template":"","format":"standard","meta":{"footnotes":""},"categories":[1,4,10],"tags":[],"class_list":["post-7281","post","type-post","status-publish","format-standard","has-post-thumbnail","hentry","category-destaque","category-noticias","category-taboao-da-serra"],"_links":{"self":[{"href":"https:\/\/folhadopirajucara.com.br\/index.php\/wp-json\/wp\/v2\/posts\/7281"}],"collection":[{"href":"https:\/\/folhadopirajucara.com.br\/index.php\/wp-json\/wp\/v2\/posts"}],"about":[{"href":"https:\/\/folhadopirajucara.com.br\/index.php\/wp-json\/wp\/v2\/types\/post"}],"author":[{"embeddable":true,"href":"https:\/\/folhadopirajucara.com.br\/index.php\/wp-json\/wp\/v2\/users\/3"}],"replies":[{"embeddable":true,"href":"https:\/\/folhadopirajucara.com.br\/index.php\/wp-json\/wp\/v2\/comments?post=7281"}],"version-history":[{"count":1,"href":"https:\/\/folhadopirajucara.com.br\/index.php\/wp-json\/wp\/v2\/posts\/7281\/revisions"}],"predecessor-version":[{"id":7283,"href":"https:\/\/folhadopirajucara.com.br\/index.php\/wp-json\/wp\/v2\/posts\/7281\/revisions\/7283"}],"wp:featuredmedia":[{"embeddable":true,"href":"https:\/\/folhadopirajucara.com.br\/index.php\/wp-json\/wp\/v2\/media\/7282"}],"wp:attachment":[{"href":"https:\/\/folhadopirajucara.com.br\/index.php\/wp-json\/wp\/v2\/media?parent=7281"}],"wp:term":[{"taxonomy":"category","embeddable":true,"href":"https:\/\/folhadopirajucara.com.br\/index.php\/wp-json\/wp\/v2\/categories?post=7281"},{"taxonomy":"post_tag","embeddable":true,"href":"https:\/\/folhadopirajucara.com.br\/index.php\/wp-json\/wp\/v2\/tags?post=7281"}],"curies":[{"name":"wp","href":"https:\/\/api.w.org\/{rel}","templated":true}]}}